{"id":1033,"date":"2014-06-18T16:20:34","date_gmt":"2014-06-18T15:20:34","guid":{"rendered":"http:\/\/www.albertocreativografico.com\/blog\/?p=1033"},"modified":"2014-06-18T17:52:58","modified_gmt":"2014-06-18T16:52:58","slug":"panoramica-de-fuentes-carrionas-360o","status":"publish","type":"post","link":"http:\/\/www.albertocreativografico.com\/blog\/2014\/06\/18\/panoramica-de-fuentes-carrionas-360o\/","title":{"rendered":"Panor\u00e1mica de Fuentes Carrionas 360\u00ba"},"content":{"rendered":"<p>&nbsp;<\/p>\n<p><img decoding=\"async\" loading=\"lazy\" class=\"aligncenter wp-image-1023\" src=\"https:\/\/i0.wp.com\/www.albertocreativografico.com\/blog\/wp-content\/uploads\/2014\/06\/IMG_0778TX.jpg?resize=700%2C313\" alt=\"\" width=\"700\" height=\"313\" srcset=\"https:\/\/i0.wp.com\/www.albertocreativografico.com\/blog\/wp-content\/uploads\/2014\/06\/IMG_0778TX.jpg?w=1696 1696w, https:\/\/i0.wp.com\/www.albertocreativografico.com\/blog\/wp-content\/uploads\/2014\/06\/IMG_0778TX.jpg?resize=300%2C134 300w, https:\/\/i0.wp.com\/www.albertocreativografico.com\/blog\/wp-content\/uploads\/2014\/06\/IMG_0778TX.jpg?resize=1024%2C457 1024w\" sizes=\"(max-width: 700px) 100vw, 700px\" data-recalc-dims=\"1\" \/><\/p>\n<p style=\"text-align: justify;\">Nueva panor\u00e1mica de 360\u00ba de Fuentes Carrionas en Palencia, desde la que se pueden ver el Alto del T\u00edo Celestino, El Tres Provincias y la Pe\u00f1a Prieta, como destino de una ruta.<\/p>\n<p style=\"text-align: justify;\"><span style=\"text-decoration: underline;\">Pincha en la imagen siguiente para ver la panor\u00e1mica din\u00e1micamente<\/span>, sobre una aplicaci\u00f3n propia desarrollada en Flash, con los botones de navegaci\u00f3n de PLAY (desplazamiento autom\u00e1tico) y PAUSA, aparte de AVANCE y RETROCESO r\u00e1pidos, y otro m\u00e1s a mayores, para avanzar en sentido inverso.<\/p>\n<p><a href=\"http:\/\/www.albertocreativografico.com\/penaprieta360\/penaprieta360.html\" target=\"_blank\"><img decoding=\"async\" class=\"aligncenter\" src=\"https:\/\/i0.wp.com\/www.albertocreativografico.com\/blog\/wp-content\/uploads\/2014\/06\/penaprieta.jpg?w=700\" alt=\"Pe\u00f1a Prieta\" data-recalc-dims=\"1\" \/><\/a><\/p>\n","protected":false},"excerpt":{"rendered":"<p>&nbsp; Nueva panor\u00e1mica de 360\u00ba de Fuentes Carrionas en Palencia, desde la que se pueden ver&hellip;<\/p>\n","protected":false},"author":5,"featured_media":1023,"comment_status":"open","ping_status":"open","sticky":false,"template":"","format":"standard","meta":{"jetpack_post_was_ever_published":false},"categories":[5],"tags":[194,191,195,190,196],"jetpack_featured_media_url":"https:\/\/i0.wp.com\/www.albertocreativografico.com\/blog\/wp-content\/uploads\/2014\/06\/IMG_0778TX.jpg?fit=1696%2C758","jetpack_shortlink":"https:\/\/wp.me\/p2ZBZa-gF","jetpack_sharing_enabled":true,"jetpack-related-posts":[{"id":464,"url":"http:\/\/www.albertocreativografico.com\/blog\/2011\/10\/25\/panoramica-de-toledo\/","url_meta":{"origin":1033,"position":0},"title":"Panor\u00e1mica de Toledo","date":"25 octubre, 2011","format":false,"excerpt":"Panor\u00e1mica de Toledo y el Tajo. Tomada como una sucesi\u00f3n de fotograf\u00edas verticales, para procesado posterior, y uni\u00f3n en una misma fotograf\u00eda panor\u00e1mica. Posteriormente se edito el conjunto en un blanco y negro muy contrastado,\u00a0realzando\u00a0la\u00a0caracter\u00edstica historica de esta bella ciudad, y compensando los colores apagados, del atardecer con cielo muy\u2026","rel":"","context":"En \u00abFotograf\u00eda\u00bb","img":{"alt_text":"Panor\u00e1mica de Toledo","src":"https:\/\/i0.wp.com\/www.albertocreativografico.com\/blog\/wp-content\/uploads\/2011\/10\/toledo.jpg?fit=1024%2C636&resize=350%2C200","width":350,"height":200},"classes":[]},{"id":1043,"url":"http:\/\/www.albertocreativografico.com\/blog\/2014\/06\/18\/roy-viki\/","url_meta":{"origin":1033,"position":1},"title":"Roy Viki","date":"18 junio, 2014","format":false,"excerpt":"Retrato basado en la t\u00e9cnica\u00a0pop-art\u00a0de Roy Lichtenstein. El trabajo se realiz\u00f3 a partir de una fotograf\u00eda existente con intenci\u00f3n de presentar un boceto para el cart\u00e9l de la SEMINCI 2014. Ver categor\u00eda","rel":"","context":"En \u00abRoy picture\u00bb","img":{"alt_text":"","src":"https:\/\/i0.wp.com\/www.albertocreativografico.com\/blog\/wp-content\/uploads\/2014\/06\/Virginia-ROY-web.jpg?fit=903%2C1200&resize=350%2C200","width":350,"height":200},"classes":[]},{"id":826,"url":"http:\/\/www.albertocreativografico.com\/blog\/2012\/01\/11\/eurotrem-espana\/","url_meta":{"origin":1033,"position":2},"title":"Eurotrem Espa\u00f1a","date":"11 enero, 2012","format":false,"excerpt":"Este trabajo no es\u00a0enteramente\u00a0personal, ya que el cliente dispon\u00eda de una plantilla en flash, sobre la que quer\u00eda realizar unas modificaciones sobre la misma de acuerdo a sus necesidades. El primer problema que se presentaba, es que a pesar de que el cliente hab\u00eda pagado un precio que dar\u00eda derecho\u2026","rel":"","context":"En \u00abWebsites\u00bb","img":{"alt_text":"Presentaci\u00f3n","src":"https:\/\/i0.wp.com\/www.albertocreativografico.com\/blog\/wp-content\/uploads\/2012\/01\/eurotrem1.jpg?fit=1024%2C599&resize=350%2C200","width":350,"height":200},"classes":[]},{"id":455,"url":"http:\/\/www.albertocreativografico.com\/blog\/2011\/10\/24\/roy-marta\/","url_meta":{"origin":1033,"position":3},"title":"Roy Marta","date":"24 octubre, 2011","format":false,"excerpt":"Retrato basado en la t\u00e9cnica pop-art de Roy Lichtenstein. El trabajo se realiz\u00f3 a partir de una fotograf\u00eda existente y se entreg\u00f3 impresa en papel metalizado, montado en FOAM, y enmarcado con un elegante perfil cromado. Ver categor\u00eda","rel":"","context":"En \u00abRoy picture\u00bb","img":{"alt_text":"Roy Marta","src":"https:\/\/i0.wp.com\/www.albertocreativografico.com\/blog\/wp-content\/uploads\/2011\/10\/roymarta.jpg?fit=700%2C700&resize=350%2C200","width":350,"height":200},"classes":[]},{"id":500,"url":"http:\/\/www.albertocreativografico.com\/blog\/2011\/10\/27\/roy-yolanda\/","url_meta":{"origin":1033,"position":4},"title":"Roy Yolanda","date":"27 octubre, 2011","format":false,"excerpt":"Retrato basado en la t\u00e9cnica\u00a0pop-art\u00a0de Roy Lichtenstein. El trabajo se realiz\u00f3 a partir de una fotograf\u00eda existente y se entreg\u00f3 impresa en papel metalizado, montado en FOAM, y enmarcado con un elegante perfil negro. Ver categor\u00eda","rel":"","context":"En \u00abRoy picture\u00bb","img":{"alt_text":"Roy Yolanda","src":"https:\/\/i0.wp.com\/www.albertocreativografico.com\/blog\/wp-content\/uploads\/2011\/10\/royyolanda1.jpg?fit=933%2C700&resize=350%2C200","width":350,"height":200},"classes":[]},{"id":519,"url":"http:\/\/www.albertocreativografico.com\/blog\/2011\/10\/27\/roy-celia\/","url_meta":{"origin":1033,"position":5},"title":"Roy Celia","date":"27 octubre, 2011","format":false,"excerpt":"Nuevo retrato\u00a0basado en la t\u00e9cnica puntillista de Roy Lichtenstein. El trabajo, estipo pop-art,\u00a0\u00a0se realiz\u00f3 a partir de una fotograf\u00eda existente y se entreg\u00f3 impresa en papel mate, con laminado, montado en FOAM, y enmarcado con un elegante perfil negro. Ver categor\u00eda","rel":"","context":"En \u00abRoy picture\u00bb","img":{"alt_text":"Roy Celia","src":"https:\/\/i0.wp.com\/www.albertocreativografico.com\/blog\/wp-content\/uploads\/2011\/10\/roycelia1.jpg?fit=525%2C700&resize=350%2C200","width":350,"height":200},"classes":[]}],"jetpack_likes_enabled":true,"_links":{"self":[{"href":"http:\/\/www.albertocreativografico.com\/blog\/wp-json\/wp\/v2\/posts\/1033"}],"collection":[{"href":"http:\/\/www.albertocreativografico.com\/blog\/wp-json\/wp\/v2\/posts"}],"about":[{"href":"http:\/\/www.albertocreativografico.com\/blog\/wp-json\/wp\/v2\/types\/post"}],"author":[{"embeddable":true,"href":"http:\/\/www.albertocreativografico.com\/blog\/wp-json\/wp\/v2\/users\/5"}],"replies":[{"embeddable":true,"href":"http:\/\/www.albertocreativografico.com\/blog\/wp-json\/wp\/v2\/comments?post=1033"}],"version-history":[{"count":10,"href":"http:\/\/www.albertocreativografico.com\/blog\/wp-json\/wp\/v2\/posts\/1033\/revisions"}],"predecessor-version":[{"id":1055,"href":"http:\/\/www.albertocreativografico.com\/blog\/wp-json\/wp\/v2\/posts\/1033\/revisions\/1055"}],"wp:featuredmedia":[{"embeddable":true,"href":"http:\/\/www.albertocreativografico.com\/blog\/wp-json\/wp\/v2\/media\/1023"}],"wp:attachment":[{"href":"http:\/\/www.albertocreativografico.com\/blog\/wp-json\/wp\/v2\/media?parent=1033"}],"wp:term":[{"taxonomy":"category","embeddable":true,"href":"http:\/\/www.albertocreativografico.com\/blog\/wp-json\/wp\/v2\/categories?post=1033"},{"taxonomy":"post_tag","embeddable":true,"href":"http:\/\/www.albertocreativografico.com\/blog\/wp-json\/wp\/v2\/tags?post=1033"}],"curies":[{"name":"wp","href":"https:\/\/api.w.org\/{rel}","templated":true}]}}