{"id":1043,"date":"2014-06-18T16:59:30","date_gmt":"2014-06-18T15:59:30","guid":{"rendered":"http:\/\/www.albertocreativografico.com\/blog\/?p=1043"},"modified":"2014-06-18T17:22:37","modified_gmt":"2014-06-18T16:22:37","slug":"roy-viki","status":"publish","type":"post","link":"http:\/\/www.albertocreativografico.com\/blog\/2014\/06\/18\/roy-viki\/","title":{"rendered":"Roy Viki"},"content":{"rendered":"<p><a href=\"https:\/\/i0.wp.com\/www.albertocreativografico.com\/blog\/wp-content\/uploads\/2014\/06\/Virginia-ROY-web.jpg\"><img decoding=\"async\" loading=\"lazy\" class=\"alignnone wp-image-1044\" src=\"https:\/\/i0.wp.com\/www.albertocreativografico.com\/blog\/wp-content\/uploads\/2014\/06\/Virginia-ROY-web.jpg?resize=350%2C465\" alt=\"Roy Viki\" width=\"350\" height=\"465\" srcset=\"https:\/\/i0.wp.com\/www.albertocreativografico.com\/blog\/wp-content\/uploads\/2014\/06\/Virginia-ROY-web.jpg?w=903 903w, https:\/\/i0.wp.com\/www.albertocreativografico.com\/blog\/wp-content\/uploads\/2014\/06\/Virginia-ROY-web.jpg?resize=225%2C300 225w, https:\/\/i0.wp.com\/www.albertocreativografico.com\/blog\/wp-content\/uploads\/2014\/06\/Virginia-ROY-web.jpg?resize=770%2C1024 770w\" sizes=\"(max-width: 350px) 100vw, 350px\" data-recalc-dims=\"1\" \/><\/a> <a href=\"https:\/\/i0.wp.com\/www.albertocreativografico.com\/blog\/wp-content\/uploads\/2014\/06\/Virginia-SEMINCI-web.jpg\"><img decoding=\"async\" loading=\"lazy\" class=\"alignnone wp-image-1045\" src=\"https:\/\/i0.wp.com\/www.albertocreativografico.com\/blog\/wp-content\/uploads\/2014\/06\/Virginia-SEMINCI-web.jpg?resize=337%2C465\" alt=\"Roy SEMINCI\" width=\"337\" height=\"465\" srcset=\"https:\/\/i0.wp.com\/www.albertocreativografico.com\/blog\/wp-content\/uploads\/2014\/06\/Virginia-SEMINCI-web.jpg?w=869 869w, https:\/\/i0.wp.com\/www.albertocreativografico.com\/blog\/wp-content\/uploads\/2014\/06\/Virginia-SEMINCI-web.jpg?resize=217%2C300 217w, https:\/\/i0.wp.com\/www.albertocreativografico.com\/blog\/wp-content\/uploads\/2014\/06\/Virginia-SEMINCI-web.jpg?resize=741%2C1024 741w\" sizes=\"(max-width: 337px) 100vw, 337px\" data-recalc-dims=\"1\" \/><\/a><\/p>\n<p>Retrato basado en la t\u00e9cnica\u00a0<em>pop-art<\/em><span class=\"Apple-style-span\" style=\"font-weight: inherit; font-style: inherit;\">\u00a0de Roy Lichtenstein.<\/span><\/p>\n<p>El trabajo se realiz\u00f3 a partir de una fotograf\u00eda existente con intenci\u00f3n de presentar un boceto para el cart\u00e9l de la SEMINCI 2014.<\/p>\n<p><a style=\"font-weight: inherit; font-style: inherit; color: #111d27;\" title=\"Galer\u00eda Roy \" href=\"http:\/\/www.albertocreativografico.com\/blog\/category\/otc-roy-lichtenstein-picture\/\">Ver categor\u00eda<\/a><\/p>\n","protected":false},"excerpt":{"rendered":"<p>Retrato basado en la t\u00e9cnica\u00a0pop-art\u00a0de Roy Lichtenstein. El trabajo se realiz\u00f3 a partir de una fotograf\u00eda&hellip;<\/p>\n","protected":false},"author":5,"featured_media":1044,"comment_status":"open","ping_status":"open","sticky":false,"template":"","format":"standard","meta":{"jetpack_post_was_ever_published":false},"categories":[9],"tags":[197,23,137,32,136,198],"jetpack_featured_media_url":"https:\/\/i0.wp.com\/www.albertocreativografico.com\/blog\/wp-content\/uploads\/2014\/06\/Virginia-ROY-web.jpg?fit=903%2C1200","jetpack_shortlink":"https:\/\/wp.me\/p2ZBZa-gP","jetpack_sharing_enabled":true,"jetpack-related-posts":[{"id":853,"url":"http:\/\/www.albertocreativografico.com\/blog\/2012\/02\/01\/roy-monica\/","url_meta":{"origin":1043,"position":0},"title":"Roy Monica","date":"1 febrero, 2012","format":false,"excerpt":"Otro retrato m\u00e1s basado en la t\u00e9cnica y el estilo inconfundible del\u00a0de Roy Lichtenstein. El trabajo se realiz\u00f3 a partir de dos fotograf\u00edas existentes y se entreg\u00f3 impresa en vinilo, montado en FOAM. Ver categor\u00eda","rel":"","context":"En \u00abRoy picture\u00bb","img":{"alt_text":"Roy Monica","src":"https:\/\/i0.wp.com\/www.albertocreativografico.com\/blog\/wp-content\/uploads\/2012\/02\/RoyMonica.jpg?fit=973%2C700&resize=350%2C200","width":350,"height":200},"classes":[]},{"id":500,"url":"http:\/\/www.albertocreativografico.com\/blog\/2011\/10\/27\/roy-yolanda\/","url_meta":{"origin":1043,"position":1},"title":"Roy Yolanda","date":"27 octubre, 2011","format":false,"excerpt":"Retrato basado en la t\u00e9cnica\u00a0pop-art\u00a0de Roy Lichtenstein. El trabajo se realiz\u00f3 a partir de una fotograf\u00eda existente y se entreg\u00f3 impresa en papel metalizado, montado en FOAM, y enmarcado con un elegante perfil negro. Ver categor\u00eda","rel":"","context":"En \u00abRoy picture\u00bb","img":{"alt_text":"Roy Yolanda","src":"https:\/\/i0.wp.com\/www.albertocreativografico.com\/blog\/wp-content\/uploads\/2011\/10\/royyolanda1.jpg?fit=933%2C700&resize=350%2C200","width":350,"height":200},"classes":[]},{"id":519,"url":"http:\/\/www.albertocreativografico.com\/blog\/2011\/10\/27\/roy-celia\/","url_meta":{"origin":1043,"position":2},"title":"Roy Celia","date":"27 octubre, 2011","format":false,"excerpt":"Nuevo retrato\u00a0basado en la t\u00e9cnica puntillista de Roy Lichtenstein. El trabajo, estipo pop-art,\u00a0\u00a0se realiz\u00f3 a partir de una fotograf\u00eda existente y se entreg\u00f3 impresa en papel mate, con laminado, montado en FOAM, y enmarcado con un elegante perfil negro. Ver categor\u00eda","rel":"","context":"En \u00abRoy picture\u00bb","img":{"alt_text":"Roy Celia","src":"https:\/\/i0.wp.com\/www.albertocreativografico.com\/blog\/wp-content\/uploads\/2011\/10\/roycelia1.jpg?fit=525%2C700&resize=350%2C200","width":350,"height":200},"classes":[]},{"id":455,"url":"http:\/\/www.albertocreativografico.com\/blog\/2011\/10\/24\/roy-marta\/","url_meta":{"origin":1043,"position":3},"title":"Roy Marta","date":"24 octubre, 2011","format":false,"excerpt":"Retrato basado en la t\u00e9cnica pop-art de Roy Lichtenstein. El trabajo se realiz\u00f3 a partir de una fotograf\u00eda existente y se entreg\u00f3 impresa en papel metalizado, montado en FOAM, y enmarcado con un elegante perfil cromado. Ver categor\u00eda","rel":"","context":"En \u00abRoy picture\u00bb","img":{"alt_text":"Roy Marta","src":"https:\/\/i0.wp.com\/www.albertocreativografico.com\/blog\/wp-content\/uploads\/2011\/10\/roymarta.jpg?fit=700%2C700&resize=350%2C200","width":350,"height":200},"classes":[]},{"id":313,"url":"http:\/\/www.albertocreativografico.com\/blog\/2011\/10\/18\/otc-roy-lichtenstein-pictures\/","url_meta":{"origin":1043,"position":4},"title":"Otc Roy Lichtenstein pictures","date":"18 octubre, 2011","format":false,"excerpt":"Con esta imagen, la primera que dibuje bas\u00e1ndome en el estilo de Roy Lichtenstein, abro mi blog, pues este es el estilo de trabajos con el que\u00a0mejor me siento realizado. Para este trabajo me bas\u00e9 en una fotograf\u00eda de una revista, pero luego llegar\u00edan, los trabajos realizados sobre las im\u00e1genes\u2026","rel":"","context":"En \u00abRoy picture\u00bb","img":{"alt_text":"Roy original","src":"https:\/\/i0.wp.com\/www.albertocreativografico.com\/blog\/wp-content\/uploads\/2011\/10\/royoriginal.jpg?fit=852%2C700&resize=350%2C200","width":350,"height":200},"classes":[]},{"id":540,"url":"http:\/\/www.albertocreativografico.com\/blog\/2011\/11\/02\/sanatorio-santa-cristina\/","url_meta":{"origin":1043,"position":5},"title":"Sanatorio Santa Cristina","date":"2 noviembre, 2011","format":false,"excerpt":"Cartel promocional para promocionar nueva aparatolog\u00eda de est\u00e9tica. En este caso, el dise\u00f1o se realiz\u00f3 bajo estrictos c\u00e1nones m\u00e9dicos, alejados, de los cl\u00e1sicos carteles de est\u00e9tica, en los que la figura femenina es indispensable. Pero dado que esta cl\u00ednica de Albacete se encuentra acogida dentro de una instituci\u00f3n religiosa, se\u2026","rel":"","context":"En \u00abDise\u00f1o\u00bb","img":{"alt_text":"","src":"https:\/\/i0.wp.com\/www.albertocreativografico.com\/blog\/wp-content\/uploads\/2011\/11\/clinica.jpg?fit=500%2C700&resize=350%2C200","width":350,"height":200},"classes":[]}],"jetpack_likes_enabled":true,"_links":{"self":[{"href":"http:\/\/www.albertocreativografico.com\/blog\/wp-json\/wp\/v2\/posts\/1043"}],"collection":[{"href":"http:\/\/www.albertocreativografico.com\/blog\/wp-json\/wp\/v2\/posts"}],"about":[{"href":"http:\/\/www.albertocreativografico.com\/blog\/wp-json\/wp\/v2\/types\/post"}],"author":[{"embeddable":true,"href":"http:\/\/www.albertocreativografico.com\/blog\/wp-json\/wp\/v2\/users\/5"}],"replies":[{"embeddable":true,"href":"http:\/\/www.albertocreativografico.com\/blog\/wp-json\/wp\/v2\/comments?post=1043"}],"version-history":[{"count":7,"href":"http:\/\/www.albertocreativografico.com\/blog\/wp-json\/wp\/v2\/posts\/1043\/revisions"}],"predecessor-version":[{"id":1052,"href":"http:\/\/www.albertocreativografico.com\/blog\/wp-json\/wp\/v2\/posts\/1043\/revisions\/1052"}],"wp:featuredmedia":[{"embeddable":true,"href":"http:\/\/www.albertocreativografico.com\/blog\/wp-json\/wp\/v2\/media\/1044"}],"wp:attachment":[{"href":"http:\/\/www.albertocreativografico.com\/blog\/wp-json\/wp\/v2\/media?parent=1043"}],"wp:term":[{"taxonomy":"category","embeddable":true,"href":"http:\/\/www.albertocreativografico.com\/blog\/wp-json\/wp\/v2\/categories?post=1043"},{"taxonomy":"post_tag","embeddable":true,"href":"http:\/\/www.albertocreativografico.com\/blog\/wp-json\/wp\/v2\/tags?post=1043"}],"curies":[{"name":"wp","href":"https:\/\/api.w.org\/{rel}","templated":true}]}}