{"id":1056,"date":"2014-06-19T18:26:10","date_gmt":"2014-06-19T17:26:10","guid":{"rendered":"http:\/\/www.albertocreativografico.com\/blog\/?p=1056"},"modified":"2018-07-17T20:12:37","modified_gmt":"2018-07-17T19:12:37","slug":"german-ruiz-gaitero","status":"publish","type":"post","link":"http:\/\/www.albertocreativografico.com\/blog\/2014\/06\/19\/german-ruiz-gaitero\/","title":{"rendered":"Germ\u00e1n Ruiz gaitero"},"content":{"rendered":"<p style=\"text-align: justify;\">Pagina en WordPress, para empresa de eventos musicales y grupos de gaitas.<\/p>\n<p style=\"text-align: justify;\">Dise\u00f1o sencillo, limpio, minimalista y elegante, que trata de alejar de la t\u00edpoca imagen de m\u00fasica folk\/celta.<\/p>\n<p style=\"text-align: justify;\">Aparte de presentar la empresa, y distintas opciones musicales, la web buscaba tener una agenda p\u00fablica de actuaciones, para que todo aquel interesado, pudiera tener opci\u00f3n de verles y escucharles en directo<\/p>\n<p style=\"text-align: justify;\"><a style=\"font-weight: inherit; font-style: inherit; color: #111d27;\" title=\"Casa Rural Asunci\u00f3n\" href=\"http:\/\/www.germanruiz.es\" target=\"_blank\" rel=\"noopener\">http:\/\/www.germanruiz.es<\/a><\/p>\n<p><a href=\"https:\/\/i0.wp.com\/www.albertocreativografico.com\/blog\/wp-content\/uploads\/2014\/06\/German1.jpg\"><img decoding=\"async\" loading=\"lazy\" class=\"aligncenter wp-image-1057\" src=\"https:\/\/i0.wp.com\/www.albertocreativografico.com\/blog\/wp-content\/uploads\/2014\/06\/German1.jpg?resize=700%2C349\" alt=\"German1\" width=\"700\" height=\"349\" srcset=\"https:\/\/i0.wp.com\/www.albertocreativografico.com\/blog\/wp-content\/uploads\/2014\/06\/German1.jpg?w=1000 1000w, https:\/\/i0.wp.com\/www.albertocreativografico.com\/blog\/wp-content\/uploads\/2014\/06\/German1.jpg?resize=300%2C149 300w\" sizes=\"(max-width: 700px) 100vw, 700px\" data-recalc-dims=\"1\" \/><\/a><\/p>\n","protected":false},"excerpt":{"rendered":"<p>Pagina en WordPress, para empresa de eventos musicales y grupos de gaitas. Dise\u00f1o sencillo, limpio, minimalista&hellip;<\/p>\n","protected":false},"author":5,"featured_media":1057,"comment_status":"open","ping_status":"open","sticky":false,"template":"","format":"standard","meta":{"jetpack_post_was_ever_published":false},"categories":[40],"tags":[201,200,132,199],"jetpack_featured_media_url":"https:\/\/i0.wp.com\/www.albertocreativografico.com\/blog\/wp-content\/uploads\/2014\/06\/German1.jpg?fit=1000%2C498","jetpack_shortlink":"https:\/\/wp.me\/p2ZBZa-h2","jetpack_sharing_enabled":true,"jetpack-related-posts":[{"id":1606,"url":"http:\/\/www.albertocreativografico.com\/blog\/2019\/09\/05\/remodelacion-de-la-web-de-german-ruiz-gaitero\/","url_meta":{"origin":1056,"position":0},"title":"Remodelaci\u00f3n de la web de Germ\u00e1n Ruiz gaitero","date":"5 septiembre, 2019","format":false,"excerpt":"Cambio de formato del sitio web Germ\u00e1n Ruiz Gaitero, para facilitar la gesti\u00f3n de los grupos y agrupaciones musicales disponibles. El cliente puede mostrar de manera clara y visual cada grupo en una entrada distinta a modo de dossier, eliminando, a\u00f1adiendo, modificando caunto sea necesario. Adem\u00e1s se ha facilitado el\u2026","rel":"","context":"En \u00abWebsites\u00bb","img":{"alt_text":"","src":"https:\/\/i0.wp.com\/www.albertocreativografico.com\/blog\/wp-content\/uploads\/2019\/09\/german-p.png?fit=1200%2C909&resize=350%2C200","width":350,"height":200},"classes":[]},{"id":413,"url":"http:\/\/www.albertocreativografico.com\/blog\/2011\/10\/24\/ocio-sport\/","url_meta":{"origin":1056,"position":1},"title":"Ocio-Sport","date":"24 octubre, 2011","format":false,"excerpt":"Imagen gr\u00e1fica para empresa de actividades deportivas y de ocio. Imagen completa, basada en el grafismo de su logotipo. La papeler\u00eda inclu\u00eda, aparte de hojas membretadas, sobres y tarjetas, el desarrollo de carpeta con solapas para entregar documentaci\u00f3n de forma publicitaria, carpetas m\u00e1s sencilas para uso particular. Adem\u00e1s \u00a0se realizaron\u2026","rel":"","context":"En \u00abImagen corporativa\u00bb","img":{"alt_text":"Ocio-Sport","src":"https:\/\/i0.wp.com\/www.albertocreativografico.com\/blog\/wp-content\/uploads\/2011\/10\/ociosport.jpg?fit=1000%2C445&resize=350%2C200","width":350,"height":200},"classes":[]},{"id":474,"url":"http:\/\/www.albertocreativografico.com\/blog\/2011\/10\/25\/ecolid\/","url_meta":{"origin":1056,"position":2},"title":"Ecolid","date":"25 octubre, 2011","format":false,"excerpt":"Logotipo de la empresa medioambiental Ecolid. Empresa enfocada a aulas de medioambiente para ni\u00f1os, y a la vez a servicios de asesoria para empresas dentro del \"Plan21\". La imagen deb\u00eda trasladar respeto a la naturaleza, colores suaves y calidos, a la vez que el nombre transmit\u00eda fuerza y seriedad en\u2026","rel":"","context":"En \u00abImagen corporativa\u00bb","img":{"alt_text":"Ecolid","src":"https:\/\/i0.wp.com\/www.albertocreativografico.com\/blog\/wp-content\/uploads\/2011\/10\/ecolid.jpg?fit=900%2C362&resize=350%2C200","width":350,"height":200},"classes":[]},{"id":893,"url":"http:\/\/www.albertocreativografico.com\/blog\/2012\/03\/05\/autobutterfly\/","url_meta":{"origin":1056,"position":3},"title":"Autobutterfly","date":"5 marzo, 2012","format":false,"excerpt":"\u00a0 Serie de 2 tr\u00edpticos en formato cuadrado, para empresa de servicios especializados, de limpieza y diversos tratamientos, enfocados a ceh\u00edculos de gama alta. Los folletos deb\u00edan buscar el impacto a trav\u00e9s de la limpieza y brillo de los veh\u00edculos tratados, as\u00ed como mostrar en el interior del mismo, los\u2026","rel":"","context":"En \u00abDise\u00f1o\u00bb","img":{"alt_text":"","src":"https:\/\/i0.wp.com\/www.albertocreativografico.com\/blog\/wp-content\/uploads\/2012\/03\/TripticoA-1p.jpg?fit=400%2C400&resize=350%2C200","width":350,"height":200},"classes":[]},{"id":628,"url":"http:\/\/www.albertocreativografico.com\/blog\/2011\/11\/10\/la-tinada-del-cadagua\/","url_meta":{"origin":1056,"position":4},"title":"La Tinada del Cadagua","date":"10 noviembre, 2011","format":false,"excerpt":"Papeler\u00eda realizada para la empresa de adiestramiento y hospedaje equino, La Tinada del Cadagua. Con el logotipo redibujado a partir de un elemento promocional, por no disponer del archivo del mismo, se elaboraron los elementos esenciales de comunicaci\u00f3n de la empresa, es decir, tarjetas, sobres y hojas membretatas,\u00a0as\u00ed\u00a0como un necesario\u2026","rel":"","context":"En \u00abImagen corporativa\u00bb","img":{"alt_text":"La tinada del Cadagua","src":"https:\/\/i0.wp.com\/www.albertocreativografico.com\/blog\/wp-content\/uploads\/2011\/11\/latinada.jpg?fit=1024%2C556&resize=350%2C200","width":350,"height":200},"classes":[]},{"id":668,"url":"http:\/\/www.albertocreativografico.com\/blog\/2011\/11\/22\/la-marmota\/","url_meta":{"origin":1056,"position":5},"title":"La Marmota","date":"22 noviembre, 2011","format":false,"excerpt":"Web corporativa de la papeler\u00eda y librer\u00eda infantil La Marmota. Dado que la p\u00e1gina deb\u00eda llamar la atenci\u00f3n del p\u00fablico infantil, se creo gran parte de ella en flash para poder dotar de unas simples animaciones, principalmente a la mascota de la tienda. Se ofrece un entorno totalmente interactivo que\u2026","rel":"","context":"En \u00abWebsites\u00bb","img":{"alt_text":"La Marmota","src":"https:\/\/i0.wp.com\/www.albertocreativografico.com\/blog\/wp-content\/uploads\/2011\/11\/lamarmota.jpg?fit=900%2C400&resize=350%2C200","width":350,"height":200},"classes":[]}],"jetpack_likes_enabled":true,"_links":{"self":[{"href":"http:\/\/www.albertocreativografico.com\/blog\/wp-json\/wp\/v2\/posts\/1056"}],"collection":[{"href":"http:\/\/www.albertocreativografico.com\/blog\/wp-json\/wp\/v2\/posts"}],"about":[{"href":"http:\/\/www.albertocreativografico.com\/blog\/wp-json\/wp\/v2\/types\/post"}],"author":[{"embeddable":true,"href":"http:\/\/www.albertocreativografico.com\/blog\/wp-json\/wp\/v2\/users\/5"}],"replies":[{"embeddable":true,"href":"http:\/\/www.albertocreativografico.com\/blog\/wp-json\/wp\/v2\/comments?post=1056"}],"version-history":[{"count":6,"href":"http:\/\/www.albertocreativografico.com\/blog\/wp-json\/wp\/v2\/posts\/1056\/revisions"}],"predecessor-version":[{"id":1555,"href":"http:\/\/www.albertocreativografico.com\/blog\/wp-json\/wp\/v2\/posts\/1056\/revisions\/1555"}],"wp:featuredmedia":[{"embeddable":true,"href":"http:\/\/www.albertocreativografico.com\/blog\/wp-json\/wp\/v2\/media\/1057"}],"wp:attachment":[{"href":"http:\/\/www.albertocreativografico.com\/blog\/wp-json\/wp\/v2\/media?parent=1056"}],"wp:term":[{"taxonomy":"category","embeddable":true,"href":"http:\/\/www.albertocreativografico.com\/blog\/wp-json\/wp\/v2\/categories?post=1056"},{"taxonomy":"post_tag","embeddable":true,"href":"http:\/\/www.albertocreativografico.com\/blog\/wp-json\/wp\/v2\/tags?post=1056"}],"curies":[{"name":"wp","href":"https:\/\/api.w.org\/{rel}","templated":true}]}}