{"id":1606,"date":"2019-09-05T17:19:47","date_gmt":"2019-09-05T16:19:47","guid":{"rendered":"http:\/\/www.albertocreativografico.com\/blog\/?p=1606"},"modified":"2019-09-05T17:19:47","modified_gmt":"2019-09-05T16:19:47","slug":"remodelacion-de-la-web-de-german-ruiz-gaitero","status":"publish","type":"post","link":"http:\/\/www.albertocreativografico.com\/blog\/2019\/09\/05\/remodelacion-de-la-web-de-german-ruiz-gaitero\/","title":{"rendered":"Remodelaci\u00f3n de la web de Germ\u00e1n Ruiz gaitero"},"content":{"rendered":"<p>Cambio de formato del sitio web Germ\u00e1n Ruiz Gaitero, para facilitar la gesti\u00f3n de los grupos y agrupaciones musicales disponibles.<\/p>\n<p>El cliente puede mostrar de manera clara y visual cada grupo en una entrada distinta a modo de dossier, eliminando, a\u00f1adiendo, modificando caunto sea necesario.<\/p>\n<p>Adem\u00e1s se ha facilitado el paso del sitio web al multilenguaje, haciendo factible que la web sea bilingue espa\u00f1ol\/ingl\u00e9s.<\/p>\n<p><a href=\"http:\/\/www.germanruiz.es\">http:\/\/www.germanruiz.es<\/a><\/p>\n<p><img decoding=\"async\" loading=\"lazy\" class=\"alignnone size-medium wp-image-1607\" src=\"https:\/\/i0.wp.com\/www.albertocreativografico.com\/blog\/wp-content\/uploads\/2019\/09\/german-p.png?resize=300%2C227\" alt=\"\" width=\"300\" height=\"227\" srcset=\"https:\/\/i0.wp.com\/www.albertocreativografico.com\/blog\/wp-content\/uploads\/2019\/09\/german-p.png?resize=300%2C227 300w, https:\/\/i0.wp.com\/www.albertocreativografico.com\/blog\/wp-content\/uploads\/2019\/09\/german-p.png?resize=768%2C582 768w, https:\/\/i0.wp.com\/www.albertocreativografico.com\/blog\/wp-content\/uploads\/2019\/09\/german-p.png?resize=1024%2C775 1024w, https:\/\/i0.wp.com\/www.albertocreativografico.com\/blog\/wp-content\/uploads\/2019\/09\/german-p.png?w=1800 1800w\" sizes=\"(max-width: 300px) 100vw, 300px\" data-recalc-dims=\"1\" \/><\/p>\n","protected":false},"excerpt":{"rendered":"<p>Cambio de formato del sitio web Germ\u00e1n Ruiz Gaitero, para facilitar la gesti\u00f3n de los grupos&hellip;<\/p>\n","protected":false},"author":5,"featured_media":1607,"comment_status":"open","ping_status":"open","sticky":false,"template":"","format":"standard","meta":{"jetpack_post_was_ever_published":false},"categories":[40],"tags":[285,200,287,286,284,132],"jetpack_featured_media_url":"https:\/\/i0.wp.com\/www.albertocreativografico.com\/blog\/wp-content\/uploads\/2019\/09\/german-p.png?fit=1800%2C1363","jetpack_shortlink":"https:\/\/wp.me\/p2ZBZa-pU","jetpack_sharing_enabled":true,"jetpack-related-posts":[{"id":1056,"url":"http:\/\/www.albertocreativografico.com\/blog\/2014\/06\/19\/german-ruiz-gaitero\/","url_meta":{"origin":1606,"position":0},"title":"Germ\u00e1n Ruiz gaitero","date":"19 junio, 2014","format":false,"excerpt":"Pagina en WordPress, para empresa de eventos musicales y grupos de gaitas. Dise\u00f1o sencillo, limpio, minimalista y elegante, que trata de alejar de la t\u00edpoca imagen de m\u00fasica folk\/celta. Aparte de presentar la empresa, y distintas opciones musicales, la web buscaba tener una agenda p\u00fablica de actuaciones, para que todo\u2026","rel":"","context":"En \u00abWebsites\u00bb","img":{"alt_text":"","src":"https:\/\/i0.wp.com\/www.albertocreativografico.com\/blog\/wp-content\/uploads\/2014\/06\/German1.jpg?fit=1000%2C498&resize=350%2C200","width":350,"height":200},"classes":[]},{"id":861,"url":"http:\/\/www.albertocreativografico.com\/blog\/2012\/02\/08\/casa-rural-asuncion\/","url_meta":{"origin":1606,"position":1},"title":"Casa Rural Asunci\u00f3n","date":"8 febrero, 2012","format":false,"excerpt":"\u00a0 Pagina est\u00e1tica, dise\u00f1ada con Dreamweaver, para alojamiento rural en Cantabria, \u00a0situada en el municipio de Sancibri\u00e1n. El cabecero due dibujado a partir de las im\u00e1genes facilitadas, para un mejor reconocimiento del lugar. El sitio es muy sencillo, pues solo se\u00a0pretend\u00eda\u00a0estar presente en internet, una fuente de acceso a la\u2026","rel":"","context":"En \u00abWebsites\u00bb","img":{"alt_text":"","src":"https:\/\/i0.wp.com\/www.albertocreativografico.com\/blog\/wp-content\/uploads\/2012\/02\/casarural.jpg?fit=1024%2C700&resize=350%2C200","width":350,"height":200},"classes":[]},{"id":1587,"url":"http:\/\/www.albertocreativografico.com\/blog\/2018\/09\/13\/escuela-infantil-pequena-alameda\/","url_meta":{"origin":1606,"position":2},"title":"Escuela Infantil Peque\u00f1a Alameda","date":"13 septiembre, 2018","format":false,"excerpt":"http:\/\/www.escuelainfantilpeqalameda.com\/ Web para una escuela infantil, asociada a la Pedagog\u00eda Blanca, una forma de educar, ense\u00f1ar y acompa\u00f1ar a los ni\u00f1os en su crecimiento y su aprendizaje, que tiene como base y objetivo ofrecerles las herramientas que necesitan para desarrollar todas sus potencialidades desde el respeto a sus procesos madurativos,\u2026","rel":"","context":"En \u00abWebsites\u00bb","img":{"alt_text":"","src":"https:\/\/i0.wp.com\/www.albertocreativografico.com\/blog\/wp-content\/uploads\/2018\/09\/destacada.jpg?fit=400%2C249&resize=350%2C200","width":350,"height":200},"classes":[]},{"id":826,"url":"http:\/\/www.albertocreativografico.com\/blog\/2012\/01\/11\/eurotrem-espana\/","url_meta":{"origin":1606,"position":3},"title":"Eurotrem Espa\u00f1a","date":"11 enero, 2012","format":false,"excerpt":"Este trabajo no es\u00a0enteramente\u00a0personal, ya que el cliente dispon\u00eda de una plantilla en flash, sobre la que quer\u00eda realizar unas modificaciones sobre la misma de acuerdo a sus necesidades. El primer problema que se presentaba, es que a pesar de que el cliente hab\u00eda pagado un precio que dar\u00eda derecho\u2026","rel":"","context":"En \u00abWebsites\u00bb","img":{"alt_text":"Presentaci\u00f3n","src":"https:\/\/i0.wp.com\/www.albertocreativografico.com\/blog\/wp-content\/uploads\/2012\/01\/eurotrem1.jpg?fit=1024%2C599&resize=350%2C200","width":350,"height":200},"classes":[]},{"id":468,"url":"http:\/\/www.albertocreativografico.com\/blog\/2011\/10\/25\/libre-como-el-viento\/","url_meta":{"origin":1606,"position":4},"title":"Libre como el viento","date":"25 octubre, 2011","format":false,"excerpt":"\u00a0 P\u00e1gina parag\u00fcas hecha en flash. Este tipo de p\u00e1ginas se usan como sitio nido de otros websites relacionados. En este caso, son los bares de copas Bqu, Coma, Cameo y Tatay. Este sitio en flash deb\u00eda ser un sitio din\u00e1mico, con movimiento, para ser m\u00e1s atractivo al visitante, con\u2026","rel":"","context":"En \u00abWebsites\u00bb","img":{"alt_text":"Libre como el viento","src":"https:\/\/i0.wp.com\/www.albertocreativografico.com\/blog\/wp-content\/uploads\/2011\/10\/librecomoelviento.jpg?fit=900%2C400&resize=350%2C200","width":350,"height":200},"classes":[]},{"id":509,"url":"http:\/\/www.albertocreativografico.com\/blog\/2011\/10\/27\/club-deportivo-laguna\/","url_meta":{"origin":1606,"position":5},"title":"Club Deportivo Laguna","date":"27 octubre, 2011","format":false,"excerpt":"P\u00e1gina oficial del Club Deportivo de Laguna de Duero Completo sitio de informaci\u00f3n informaci\u00f3n de un club de f\u00fatbol regional. Ofrece detalles de la histor\u00eda del club, adem\u00e1s de disponer de secci\u00f3n actualizable por el cliente, para incluir galer\u00edas de fotos, eventos,\u00a0noticias... La parte destacada de este website \u00a0es la\u2026","rel":"","context":"En \u00abWebsites\u00bb","img":{"alt_text":"Club Deportivo Laguna","src":"https:\/\/i0.wp.com\/www.albertocreativografico.com\/blog\/wp-content\/uploads\/2011\/10\/cdlaguna.jpg?fit=900%2C400&resize=350%2C200","width":350,"height":200},"classes":[]}],"jetpack_likes_enabled":true,"_links":{"self":[{"href":"http:\/\/www.albertocreativografico.com\/blog\/wp-json\/wp\/v2\/posts\/1606"}],"collection":[{"href":"http:\/\/www.albertocreativografico.com\/blog\/wp-json\/wp\/v2\/posts"}],"about":[{"href":"http:\/\/www.albertocreativografico.com\/blog\/wp-json\/wp\/v2\/types\/post"}],"author":[{"embeddable":true,"href":"http:\/\/www.albertocreativografico.com\/blog\/wp-json\/wp\/v2\/users\/5"}],"replies":[{"embeddable":true,"href":"http:\/\/www.albertocreativografico.com\/blog\/wp-json\/wp\/v2\/comments?post=1606"}],"version-history":[{"count":1,"href":"http:\/\/www.albertocreativografico.com\/blog\/wp-json\/wp\/v2\/posts\/1606\/revisions"}],"predecessor-version":[{"id":1608,"href":"http:\/\/www.albertocreativografico.com\/blog\/wp-json\/wp\/v2\/posts\/1606\/revisions\/1608"}],"wp:featuredmedia":[{"embeddable":true,"href":"http:\/\/www.albertocreativografico.com\/blog\/wp-json\/wp\/v2\/media\/1607"}],"wp:attachment":[{"href":"http:\/\/www.albertocreativografico.com\/blog\/wp-json\/wp\/v2\/media?parent=1606"}],"wp:term":[{"taxonomy":"category","embeddable":true,"href":"http:\/\/www.albertocreativografico.com\/blog\/wp-json\/wp\/v2\/categories?post=1606"},{"taxonomy":"post_tag","embeddable":true,"href":"http:\/\/www.albertocreativografico.com\/blog\/wp-json\/wp\/v2\/tags?post=1606"}],"curies":[{"name":"wp","href":"https:\/\/api.w.org\/{rel}","templated":true}]}}