{"id":328,"date":"2011-10-18T15:57:30","date_gmt":"2011-10-18T15:57:30","guid":{"rendered":"http:\/\/www.albertocreativografico.com\/blog\/?p=328"},"modified":"2011-11-08T23:41:09","modified_gmt":"2011-11-08T22:41:09","slug":"exposicion-en-la-fmcg","status":"publish","type":"post","link":"http:\/\/www.albertocreativografico.com\/blog\/2011\/10\/18\/exposicion-en-la-fmcg\/","title":{"rendered":"Exposici\u00f3n en la FMCG"},"content":{"rendered":"<p><a href=\"https:\/\/i0.wp.com\/www.albertocreativografico.com\/blog\/wp-content\/uploads\/2011\/10\/anchoquelargo.jpg\"><img decoding=\"async\" loading=\"lazy\" class=\"size-full wp-image-332 aligncenter\" title=\"Valladolid, mas ancho que largo\" src=\"https:\/\/i0.wp.com\/www.albertocreativografico.com\/blog\/wp-content\/uploads\/2011\/10\/anchoquelargo.jpg?resize=648%2C490\" alt=\"Valladolid, mas ancho que largo\" width=\"648\" height=\"490\" srcset=\"https:\/\/i0.wp.com\/www.albertocreativografico.com\/blog\/wp-content\/uploads\/2011\/10\/anchoquelargo.jpg?w=926 926w, https:\/\/i0.wp.com\/www.albertocreativografico.com\/blog\/wp-content\/uploads\/2011\/10\/anchoquelargo.jpg?resize=300%2C226 300w\" sizes=\"(max-width: 648px) 100vw, 648px\" data-recalc-dims=\"1\" \/><\/a><\/p>\n<p style=\"text-align: justify;\">Ahora la exposici\u00f3n &#8220;<strong>Valladolid, m\u00e1s ancho que largo&#8221;<\/strong> se exhibe en la <em>Fundaci\u00f3n Museo Cristobal Gabarr\u00f3n<\/em>.<\/p>\n<p style=\"text-align: justify;\">Hasta el pr\u00f3ximo d\u00eda 28 de octubre, en la sedesita en la calle Rastrojo s\/n, en el barrio de la Huerta del Rey.<\/p>\n<p style=\"text-align: justify;\">Horario:\u00a0Horario: L-V de 10 a 14 y de 16 a 20<\/p>\n<p style=\"text-align: justify;\">Durante estos d\u00edas, y debido a la reciente gala por la entrega de premios de fundaci\u00f3n, la entrada ser\u00e1 gratuita.<\/p>\n<p style=\"text-align: justify;\">Recordaros que participo en esta exposici\u00f3n de panor\u00e1micas, con una toma de la Plaza Mayor.<\/p>\n","protected":false},"excerpt":{"rendered":"<p>Ahora la exposici\u00f3n &#8220;Valladolid, m\u00e1s ancho que largo&#8221; se exhibe en la Fundaci\u00f3n Museo Cristobal Gabarr\u00f3n.&hellip;<\/p>\n","protected":false},"author":5,"featured_media":332,"comment_status":"open","ping_status":"open","sticky":false,"template":"","format":"standard","meta":{"jetpack_post_was_ever_published":false},"categories":[1],"tags":[25,28,29,24,26],"jetpack_featured_media_url":"https:\/\/i0.wp.com\/www.albertocreativografico.com\/blog\/wp-content\/uploads\/2011\/10\/anchoquelargo.jpg?fit=926%2C700","jetpack_shortlink":"https:\/\/wp.me\/p2ZBZa-5i","jetpack_sharing_enabled":true,"jetpack-related-posts":[{"id":478,"url":"http:\/\/www.albertocreativografico.com\/blog\/2011\/10\/25\/ultima-semana\/","url_meta":{"origin":328,"position":0},"title":"\u00daltima semana","date":"25 octubre, 2011","format":false,"excerpt":"\u00a0 \u00daltimos d\u00edas de la exposici\u00f3n Valladolid, m\u00e1s ancho que largo, que en estos momentos se exhibe en la Fundaci\u00f3n Museo Cristobal Gabarr\u00f3n. Est\u00e1 previsto el desmontaje el viernes o el s\u00e1bado, dado que el viernes 28, si no se prorroga, es el \u00faltimo d\u00eda de exposici\u00f3n. Por otro lado,\u2026","rel":"","context":"En \u00abPersonal\u00bb","img":{"alt_text":"FMCG 1","src":"https:\/\/i0.wp.com\/www.albertocreativografico.com\/blog\/wp-content\/uploads\/2011\/10\/DSC8841.jpg?fit=900%2C598&resize=350%2C200","width":350,"height":200},"classes":[]},{"id":549,"url":"http:\/\/www.albertocreativografico.com\/blog\/2011\/11\/08\/fin-de-la-exposicion\/","url_meta":{"origin":328,"position":1},"title":"Fin de la exposici\u00f3n","date":"8 noviembre, 2011","format":false,"excerpt":"Pues si, la exposici\u00f3n \"Valladolid, m\u00e1s ancho que largo\" ha terminado una de sus etapas, en la importante Fundaci\u00f3n Museo Cristobal Gabarr\u00f3n (FMCG), con gran exito de asistencia. Un acontecimiento, importante en mi trayectoria, ya que este tipo de lugares, son muy restrictivos y de\u00a0dif\u00edcil\u00a0acceso, que gracias a Chema Concell\u00f3n,\u2026","rel":"","context":"En \u00abPersonal\u00bb","img":{"alt_text":"","src":"","width":0,"height":0},"classes":[]},{"id":1533,"url":"http:\/\/www.albertocreativografico.com\/blog\/2018\/07\/17\/semana-santa-de-valladolid-2018\/","url_meta":{"origin":328,"position":2},"title":"Semana Santa de Valladolid 2018","date":"17 julio, 2018","format":"image","excerpt":"La Semana Santa de Valladolid es el principal acontecimiento cultural, religioso y de atracci\u00f3n tur\u00edstica de la ciudad. Sus tallas se encuentran entre las de mayor valor art\u00edstico del mundo en escultura policromada, gracias sobre todo a imagineros como Juan de Juni y Gregorio Fern\u00e1ndez, activos en el periodo en\u2026","rel":"","context":"En \u00abFotograf\u00eda\u00bb","img":{"alt_text":"","src":"https:\/\/i0.wp.com\/www.albertocreativografico.com\/blog\/wp-content\/uploads\/2018\/07\/36643911_10156152603281253_4195550300725051392_o.jpg?fit=1200%2C797&resize=350%2C200","width":350,"height":200},"classes":[]},{"id":668,"url":"http:\/\/www.albertocreativografico.com\/blog\/2011\/11\/22\/la-marmota\/","url_meta":{"origin":328,"position":3},"title":"La Marmota","date":"22 noviembre, 2011","format":false,"excerpt":"Web corporativa de la papeler\u00eda y librer\u00eda infantil La Marmota. Dado que la p\u00e1gina deb\u00eda llamar la atenci\u00f3n del p\u00fablico infantil, se creo gran parte de ella en flash para poder dotar de unas simples animaciones, principalmente a la mascota de la tienda. Se ofrece un entorno totalmente interactivo que\u2026","rel":"","context":"En \u00abWebsites\u00bb","img":{"alt_text":"La Marmota","src":"https:\/\/i0.wp.com\/www.albertocreativografico.com\/blog\/wp-content\/uploads\/2011\/11\/lamarmota.jpg?fit=900%2C400&resize=350%2C200","width":350,"height":200},"classes":[]},{"id":447,"url":"http:\/\/www.albertocreativografico.com\/blog\/2011\/10\/24\/instituto-municipal-de-empleo\/","url_meta":{"origin":328,"position":4},"title":"Instituto Municipal de Empleo","date":"24 octubre, 2011","format":false,"excerpt":"Presentaci\u00f3n de la secci\u00f3n de empleo del Ayuntamiento de Valladolid. Aplicaci\u00f3n-presentaci\u00f3n en tecnolog\u00eda flash,sobre el Instituto Municipal de Empleo de Valladolid, donde se ofrece una informaci\u00f3n completa sobre este organismo, y todas fus funciones y posibilidades, con avance autom\u00e1tico y manual, y men\u00fa din\u00e1mico.","rel":"","context":"En \u00abOtros\u00bb","img":{"alt_text":"Instituto Municipal de Empleo","src":"https:\/\/i0.wp.com\/www.albertocreativografico.com\/blog\/wp-content\/uploads\/2011\/10\/ime.jpg?fit=1000%2C444&resize=350%2C200","width":350,"height":200},"classes":[]},{"id":929,"url":"http:\/\/www.albertocreativografico.com\/blog\/2012\/05\/08\/12m15m\/","url_meta":{"origin":328,"position":5},"title":"12M15M","date":"8 mayo, 2012","format":false,"excerpt":"A un a\u00f1o del comienzo del movimiento del 15M, y como previa al aniversario con un nuevo empuje el 12M, se elabor\u00f3 este audiovisual presentado en la 2\u00aa edici\u00f3n de la Marat\u00f3n Audiovisual Ciudad de Valladolid. Mientras se proyectaba el audiovisual actuaron en directo Reas y DJ Miyagui, que pusieron\u2026","rel":"","context":"En \u00abFotograf\u00eda\u00bb","img":{"alt_text":"","src":"https:\/\/i0.wp.com\/www.albertocreativografico.com\/blog\/wp-content\/uploads\/2012\/05\/DRY-207.jpg?fit=400%2C266&resize=350%2C200","width":350,"height":200},"classes":[]}],"jetpack_likes_enabled":true,"_links":{"self":[{"href":"http:\/\/www.albertocreativografico.com\/blog\/wp-json\/wp\/v2\/posts\/328"}],"collection":[{"href":"http:\/\/www.albertocreativografico.com\/blog\/wp-json\/wp\/v2\/posts"}],"about":[{"href":"http:\/\/www.albertocreativografico.com\/blog\/wp-json\/wp\/v2\/types\/post"}],"author":[{"embeddable":true,"href":"http:\/\/www.albertocreativografico.com\/blog\/wp-json\/wp\/v2\/users\/5"}],"replies":[{"embeddable":true,"href":"http:\/\/www.albertocreativografico.com\/blog\/wp-json\/wp\/v2\/comments?post=328"}],"version-history":[{"count":10,"href":"http:\/\/www.albertocreativografico.com\/blog\/wp-json\/wp\/v2\/posts\/328\/revisions"}],"predecessor-version":[{"id":331,"href":"http:\/\/www.albertocreativografico.com\/blog\/wp-json\/wp\/v2\/posts\/328\/revisions\/331"}],"wp:featuredmedia":[{"embeddable":true,"href":"http:\/\/www.albertocreativografico.com\/blog\/wp-json\/wp\/v2\/media\/332"}],"wp:attachment":[{"href":"http:\/\/www.albertocreativografico.com\/blog\/wp-json\/wp\/v2\/media?parent=328"}],"wp:term":[{"taxonomy":"category","embeddable":true,"href":"http:\/\/www.albertocreativografico.com\/blog\/wp-json\/wp\/v2\/categories?post=328"},{"taxonomy":"post_tag","embeddable":true,"href":"http:\/\/www.albertocreativografico.com\/blog\/wp-json\/wp\/v2\/tags?post=328"}],"curies":[{"name":"wp","href":"https:\/\/api.w.org\/{rel}","templated":true}]}}