{"id":345,"date":"2011-10-18T16:53:12","date_gmt":"2011-10-18T16:53:12","guid":{"rendered":"http:\/\/www.albertocreativografico.com\/blog\/?p=345"},"modified":"2011-11-08T23:39:24","modified_gmt":"2011-11-08T22:39:24","slug":"grecia-tilt-shif","status":"publish","type":"post","link":"http:\/\/www.albertocreativografico.com\/blog\/2011\/10\/18\/grecia-tilt-shif\/","title":{"rendered":"Grecia Tilt Shif"},"content":{"rendered":"<p style=\"text-align: center;\"><a href=\"https:\/\/i0.wp.com\/www.albertocreativografico.com\/blog\/wp-content\/uploads\/2011\/10\/greciats.jpg\"><img decoding=\"async\" loading=\"lazy\" class=\"size-full wp-image-346 aligncenter\" title=\"Grecia tilt-shif\" src=\"https:\/\/i0.wp.com\/www.albertocreativografico.com\/blog\/wp-content\/uploads\/2011\/10\/greciats.jpg?resize=512%2C384\" alt=\"Grecia tilt-shif\" width=\"512\" height=\"384\" srcset=\"https:\/\/i0.wp.com\/www.albertocreativografico.com\/blog\/wp-content\/uploads\/2011\/10\/greciats.jpg?w=800 800w, https:\/\/i0.wp.com\/www.albertocreativografico.com\/blog\/wp-content\/uploads\/2011\/10\/greciats.jpg?resize=300%2C225 300w\" sizes=\"(max-width: 512px) 100vw, 512px\" data-recalc-dims=\"1\" \/><\/a><\/p>\n<p style=\"text-align: justify;\">Por <strong>Tilt-Shif<\/strong>, se entiende una t\u00e9cnica fotogr\u00e1fica,\u00a0que en algunos sitios se traduce como \u00abobjetivos descentrables\u00bb o \u00ablentes basculables\u00bb.<\/p>\n<p style=\"text-align: justify;\">Esta t\u00e9cnica se puede simular tambi\u00e9n con Photoshop., y el truco consiste en aplicar desenfoque, manteniendo enfocado el plano vertical que se desee en la imagen.<\/p>\n<address style=\"padding-left: 60px;\">&#8220;Cuando miras una maqueta de verdad, el ojo se enfoca a una distancia muy corta, de modo que las cosas que quedan un poco m\u00e1s lejos se difuminan muy r\u00e1pido, de forma similar a este tipo de fotos. Las fotos que tienen brillo natural y est\u00e1n un tanto \u00ablavadas\u00bb completan el truco de la p\u00e9rdida de detalle de los objetos lejanos, que hacen que los objetos enfocados realmente parezcan de una maqueta.&#8221;<\/address>\n<address style=\"padding-left: 60px;\">\u00a0<\/address>\n<p style=\"text-align: justify;\">Esta es una de mis im\u00e1genes favoritas, sobre la <em>Iglesia de San Nicol\u00e1s<\/em> en Atenas, tomada desde el monte Licabeto.<\/p>\n","protected":false},"excerpt":{"rendered":"<p>Por Tilt-Shif, se entiende una t\u00e9cnica fotogr\u00e1fica,\u00a0que en algunos sitios se traduce como \u00abobjetivos descentrables\u00bb o&hellip;<\/p>\n","protected":false},"author":5,"featured_media":346,"comment_status":"open","ping_status":"open","sticky":false,"template":"","format":"standard","meta":{"jetpack_post_was_ever_published":false},"categories":[5],"tags":[14,13,15,12,11,10],"jetpack_featured_media_url":"https:\/\/i0.wp.com\/www.albertocreativografico.com\/blog\/wp-content\/uploads\/2011\/10\/greciats.jpg?fit=800%2C600","jetpack_shortlink":"https:\/\/wp.me\/p2ZBZa-5z","jetpack_sharing_enabled":true,"jetpack-related-posts":[{"id":826,"url":"http:\/\/www.albertocreativografico.com\/blog\/2012\/01\/11\/eurotrem-espana\/","url_meta":{"origin":345,"position":0},"title":"Eurotrem Espa\u00f1a","date":"11 enero, 2012","format":false,"excerpt":"Este trabajo no es\u00a0enteramente\u00a0personal, ya que el cliente dispon\u00eda de una plantilla en flash, sobre la que quer\u00eda realizar unas modificaciones sobre la misma de acuerdo a sus necesidades. El primer problema que se presentaba, es que a pesar de que el cliente hab\u00eda pagado un precio que dar\u00eda derecho\u2026","rel":"","context":"En \u00abWebsites\u00bb","img":{"alt_text":"Presentaci\u00f3n","src":"https:\/\/i0.wp.com\/www.albertocreativografico.com\/blog\/wp-content\/uploads\/2012\/01\/eurotrem1.jpg?fit=1024%2C599&resize=350%2C200","width":350,"height":200},"classes":[]},{"id":713,"url":"http:\/\/www.albertocreativografico.com\/blog\/2011\/12\/01\/restauracion-de-fotos-antiguas-ii\/","url_meta":{"origin":345,"position":1},"title":"Restauraci\u00f3n de fotos antiguas II","date":"1 diciembre, 2011","format":false,"excerpt":"Proceso de restauraci\u00f3n y reparaci\u00f3n de fotograf\u00eda, muy da\u00f1ada por el paso del tiempo. Tambi\u00e9n presenta evidente da\u00f1os f\u00edsicos (ara\u00f1azos, raspaduras, dobleces, polvo) y qu\u00edmicos (una enorme mancha mancha decolora la imagen como si de un rayo de sol se tratara. En la reconstrucci\u00f3n, por tanto se han debido de\u2026","rel":"","context":"En \u00abFotograf\u00eda\u00bb","img":{"alt_text":"Foto restaurada","src":"https:\/\/i0.wp.com\/www.albertocreativografico.com\/blog\/wp-content\/uploads\/2011\/12\/Abuelo1p2.jpg?fit=503%2C700&resize=350%2C200","width":350,"height":200},"classes":[]},{"id":313,"url":"http:\/\/www.albertocreativografico.com\/blog\/2011\/10\/18\/otc-roy-lichtenstein-pictures\/","url_meta":{"origin":345,"position":2},"title":"Otc Roy Lichtenstein pictures","date":"18 octubre, 2011","format":false,"excerpt":"Con esta imagen, la primera que dibuje bas\u00e1ndome en el estilo de Roy Lichtenstein, abro mi blog, pues este es el estilo de trabajos con el que\u00a0mejor me siento realizado. Para este trabajo me bas\u00e9 en una fotograf\u00eda de una revista, pero luego llegar\u00edan, los trabajos realizados sobre las im\u00e1genes\u2026","rel":"","context":"En \u00abRoy picture\u00bb","img":{"alt_text":"Roy original","src":"https:\/\/i0.wp.com\/www.albertocreativografico.com\/blog\/wp-content\/uploads\/2011\/10\/royoriginal.jpg?fit=852%2C700&resize=350%2C200","width":350,"height":200},"classes":[]},{"id":704,"url":"http:\/\/www.albertocreativografico.com\/blog\/2011\/12\/01\/restauracion-de-fotos-antiguas-i\/","url_meta":{"origin":345,"position":3},"title":"Restauraci\u00f3n de fotos antiguas I","date":"1 diciembre, 2011","format":false,"excerpt":"Proceso de restauraci\u00f3n y reparaci\u00f3n de fotograf\u00eda, muy da\u00f1ada por el paso del tiempo. Aunque teniendo evidente da\u00f1os f\u00edsicos (ara\u00f1azos, raspaduras, dobleces) y qu\u00edmicos (manchas, cambios de coloraci\u00f3n, desvanecimiento de la imagen), el problema que m\u00e1s destaca es la rotura en si en varias partes, roturas que atraviesan zonas claves\u2026","rel":"","context":"En \u00abFotograf\u00eda\u00bb","img":{"alt_text":"Foto restaurada","src":"https:\/\/i0.wp.com\/www.albertocreativografico.com\/blog\/wp-content\/uploads\/2011\/12\/FA02p2.jpg?fit=462%2C700&resize=350%2C200","width":350,"height":200},"classes":[]},{"id":1587,"url":"http:\/\/www.albertocreativografico.com\/blog\/2018\/09\/13\/escuela-infantil-pequena-alameda\/","url_meta":{"origin":345,"position":4},"title":"Escuela Infantil Peque\u00f1a Alameda","date":"13 septiembre, 2018","format":false,"excerpt":"http:\/\/www.escuelainfantilpeqalameda.com\/ Web para una escuela infantil, asociada a la Pedagog\u00eda Blanca, una forma de educar, ense\u00f1ar y acompa\u00f1ar a los ni\u00f1os en su crecimiento y su aprendizaje, que tiene como base y objetivo ofrecerles las herramientas que necesitan para desarrollar todas sus potencialidades desde el respeto a sus procesos madurativos,\u2026","rel":"","context":"En \u00abWebsites\u00bb","img":{"alt_text":"","src":"https:\/\/i0.wp.com\/www.albertocreativografico.com\/blog\/wp-content\/uploads\/2018\/09\/destacada.jpg?fit=400%2C249&resize=350%2C200","width":350,"height":200},"classes":[]},{"id":919,"url":"http:\/\/www.albertocreativografico.com\/blog\/2012\/04\/27\/a-rapa-das-bestas\/","url_meta":{"origin":345,"position":5},"title":"A Rapa das Bestas","date":"27 abril, 2012","format":false,"excerpt":"Con el siguiente v\u00eddeo he participado junto a Marta Guijarro, en la 2\u00aa Edici\u00f3n de la Marat\u00f3n Audiovisual Ciudad de Valladolid, un evento organizado en Valladolid en torno a los fot\u00f3grafos aficionados y asociaciones. Las fotos se tomaron en \"la rapa de las bestias\" que se celebr\u00f3 en el Curro\u2026","rel":"","context":"En \u00abPersonal\u00bb","img":{"alt_text":"","src":"https:\/\/i0.wp.com\/www.albertocreativografico.com\/blog\/wp-content\/uploads\/2012\/04\/219.jpg?fit=800%2C531&resize=350%2C200","width":350,"height":200},"classes":[]}],"jetpack_likes_enabled":true,"_links":{"self":[{"href":"http:\/\/www.albertocreativografico.com\/blog\/wp-json\/wp\/v2\/posts\/345"}],"collection":[{"href":"http:\/\/www.albertocreativografico.com\/blog\/wp-json\/wp\/v2\/posts"}],"about":[{"href":"http:\/\/www.albertocreativografico.com\/blog\/wp-json\/wp\/v2\/types\/post"}],"author":[{"embeddable":true,"href":"http:\/\/www.albertocreativografico.com\/blog\/wp-json\/wp\/v2\/users\/5"}],"replies":[{"embeddable":true,"href":"http:\/\/www.albertocreativografico.com\/blog\/wp-json\/wp\/v2\/comments?post=345"}],"version-history":[{"count":14,"href":"http:\/\/www.albertocreativografico.com\/blog\/wp-json\/wp\/v2\/posts\/345\/revisions"}],"predecessor-version":[{"id":593,"href":"http:\/\/www.albertocreativografico.com\/blog\/wp-json\/wp\/v2\/posts\/345\/revisions\/593"}],"wp:featuredmedia":[{"embeddable":true,"href":"http:\/\/www.albertocreativografico.com\/blog\/wp-json\/wp\/v2\/media\/346"}],"wp:attachment":[{"href":"http:\/\/www.albertocreativografico.com\/blog\/wp-json\/wp\/v2\/media?parent=345"}],"wp:term":[{"taxonomy":"category","embeddable":true,"href":"http:\/\/www.albertocreativografico.com\/blog\/wp-json\/wp\/v2\/categories?post=345"},{"taxonomy":"post_tag","embeddable":true,"href":"http:\/\/www.albertocreativografico.com\/blog\/wp-json\/wp\/v2\/tags?post=345"}],"curies":[{"name":"wp","href":"https:\/\/api.w.org\/{rel}","templated":true}]}}