{"id":406,"date":"2011-10-20T16:54:18","date_gmt":"2011-10-20T16:54:18","guid":{"rendered":"http:\/\/www.albertocreativografico.com\/blog\/?p=406"},"modified":"2011-11-08T23:35:50","modified_gmt":"2011-11-08T22:35:50","slug":"angel-torres","status":"publish","type":"post","link":"http:\/\/www.albertocreativografico.com\/blog\/2011\/10\/20\/angel-torres\/","title":{"rendered":"\u00c1ngel Torres"},"content":{"rendered":"<p><a href=\"https:\/\/i0.wp.com\/www.albertocreativografico.com\/blog\/wp-content\/uploads\/2011\/10\/angeltorres.jpg\"><img decoding=\"async\" loading=\"lazy\" class=\"size-full wp-image-407 aligncenter\" title=\"Angel Torres fot\u00f3grafo\" src=\"https:\/\/i0.wp.com\/www.albertocreativografico.com\/blog\/wp-content\/uploads\/2011\/10\/angeltorres.jpg?resize=614%2C420\" alt=\"Angel Torres fot\u00f3grafo\" width=\"614\" height=\"420\" srcset=\"https:\/\/i0.wp.com\/www.albertocreativografico.com\/blog\/wp-content\/uploads\/2011\/10\/angeltorres.jpg?w=1024 1024w, https:\/\/i0.wp.com\/www.albertocreativografico.com\/blog\/wp-content\/uploads\/2011\/10\/angeltorres.jpg?resize=300%2C205 300w\" sizes=\"(max-width: 614px) 100vw, 614px\" data-recalc-dims=\"1\" \/><\/a><\/p>\n<p style=\"text-align: justify;\">Presentaci\u00f3n\/Portfolio personal del \u00a0fot\u00f3grafo de bodas \u00c1ngel Torres.<\/p>\n<p style=\"text-align: justify;\">P\u00e1gina hecha netamente con tecnolog\u00eda flash, para lograr mayor impacto visual, y dotada de capacidad para ser actualizada por el cliente con programaci\u00f3n XML.<\/p>\n<p style=\"text-align: justify;\">La p\u00e1gina permite actualizar unas frases que aparecen en el cabecezo, las imagen en rotaci\u00f3n de la portada, y las canciones del reproductor.<\/p>\n<p style=\"text-align: justify;\">Dise\u00f1ada en base al estilo de cl\u00e1sicos\u00a0\u00e1lbumes\u00a0de bodas, mantenimiento el estilo del blog\u00a0existente.<\/p>\n<p style=\"text-align: justify;\"><a href=\"http:\/\/www.angeltorresfotografo.com\">http:\/\/www.angeltorresfotografo.com<\/a><\/p>\n","protected":false},"excerpt":{"rendered":"<p>Presentaci\u00f3n\/Portfolio personal del \u00a0fot\u00f3grafo de bodas \u00c1ngel Torres. P\u00e1gina hecha netamente con tecnolog\u00eda flash, para lograr&hellip;<\/p>\n","protected":false},"author":5,"featured_media":407,"comment_status":"open","ping_status":"open","sticky":false,"template":"","format":"standard","meta":{"jetpack_post_was_ever_published":false},"categories":[40],"tags":[42,50,51,53],"jetpack_featured_media_url":"https:\/\/i0.wp.com\/www.albertocreativografico.com\/blog\/wp-content\/uploads\/2011\/10\/angeltorres.jpg?fit=1024%2C700","jetpack_shortlink":"https:\/\/wp.me\/p2ZBZa-6y","jetpack_sharing_enabled":true,"jetpack-related-posts":[{"id":379,"url":"http:\/\/www.albertocreativografico.com\/blog\/2011\/10\/19\/eva-mansilla\/","url_meta":{"origin":406,"position":0},"title":"Eva Mansilla","date":"19 octubre, 2011","format":false,"excerpt":"Website de fot\u00f3grafa especializada en bodas. Las necesidades del cliente, eran de un espacio en internet, donde poder mostrar sus trabajos, y captar la atenci\u00f3n d\u00eda a d\u00eda, con un seguimiento continuo de su trabajo, por lo que el sitio deb\u00eda ofrecer no solo un espacio de informaci\u00f3n corporativa, sino\u2026","rel":"","context":"En \u00abWebsites\u00bb","img":{"alt_text":"Eva Mansilla","src":"https:\/\/i0.wp.com\/www.albertocreativografico.com\/blog\/wp-content\/uploads\/2011\/10\/evamansilla.jpg?fit=1200%2C665&resize=350%2C200","width":350,"height":200},"classes":[]},{"id":826,"url":"http:\/\/www.albertocreativografico.com\/blog\/2012\/01\/11\/eurotrem-espana\/","url_meta":{"origin":406,"position":1},"title":"Eurotrem Espa\u00f1a","date":"11 enero, 2012","format":false,"excerpt":"Este trabajo no es\u00a0enteramente\u00a0personal, ya que el cliente dispon\u00eda de una plantilla en flash, sobre la que quer\u00eda realizar unas modificaciones sobre la misma de acuerdo a sus necesidades. El primer problema que se presentaba, es que a pesar de que el cliente hab\u00eda pagado un precio que dar\u00eda derecho\u2026","rel":"","context":"En \u00abWebsites\u00bb","img":{"alt_text":"Presentaci\u00f3n","src":"https:\/\/i0.wp.com\/www.albertocreativografico.com\/blog\/wp-content\/uploads\/2012\/01\/eurotrem1.jpg?fit=1024%2C599&resize=350%2C200","width":350,"height":200},"classes":[]},{"id":447,"url":"http:\/\/www.albertocreativografico.com\/blog\/2011\/10\/24\/instituto-municipal-de-empleo\/","url_meta":{"origin":406,"position":2},"title":"Instituto Municipal de Empleo","date":"24 octubre, 2011","format":false,"excerpt":"Presentaci\u00f3n de la secci\u00f3n de empleo del Ayuntamiento de Valladolid. Aplicaci\u00f3n-presentaci\u00f3n en tecnolog\u00eda flash,sobre el Instituto Municipal de Empleo de Valladolid, donde se ofrece una informaci\u00f3n completa sobre este organismo, y todas fus funciones y posibilidades, con avance autom\u00e1tico y manual, y men\u00fa din\u00e1mico.","rel":"","context":"En \u00abOtros\u00bb","img":{"alt_text":"Instituto Municipal de Empleo","src":"https:\/\/i0.wp.com\/www.albertocreativografico.com\/blog\/wp-content\/uploads\/2011\/10\/ime.jpg?fit=1000%2C444&resize=350%2C200","width":350,"height":200},"classes":[]},{"id":527,"url":"http:\/\/www.albertocreativografico.com\/blog\/2011\/10\/27\/presentacion-de-ugt-castilla-y-leon\/","url_meta":{"origin":406,"position":3},"title":"Presentaci\u00f3n de UGT Castilla y Le\u00f3n","date":"27 octubre, 2011","format":false,"excerpt":"Presentaci\u00f3n corporativa de la federaci\u00f3n castellano leonesa de la Uni\u00f3n General de Trabajadores (UGT). La aplicaci\u00f3n manual comenzaba con un\u00a0v\u00eddeo\u00a0generado con tecnolog\u00eda flash, a modo de introducci\u00f3n, en el que unos lasers dibujaban el logotipo principal, para que con una serie de animaciones conjug\u00e1ndolo con los iconos de Castilla y\u2026","rel":"","context":"En \u00abOtros\u00bb","img":{"alt_text":"UGT","src":"https:\/\/i0.wp.com\/www.albertocreativografico.com\/blog\/wp-content\/uploads\/2011\/10\/ugt.jpg?fit=900%2C400&resize=350%2C200","width":350,"height":200},"classes":[]},{"id":929,"url":"http:\/\/www.albertocreativografico.com\/blog\/2012\/05\/08\/12m15m\/","url_meta":{"origin":406,"position":4},"title":"12M15M","date":"8 mayo, 2012","format":false,"excerpt":"A un a\u00f1o del comienzo del movimiento del 15M, y como previa al aniversario con un nuevo empuje el 12M, se elabor\u00f3 este audiovisual presentado en la 2\u00aa edici\u00f3n de la Marat\u00f3n Audiovisual Ciudad de Valladolid. Mientras se proyectaba el audiovisual actuaron en directo Reas y DJ Miyagui, que pusieron\u2026","rel":"","context":"En \u00abFotograf\u00eda\u00bb","img":{"alt_text":"","src":"https:\/\/i0.wp.com\/www.albertocreativografico.com\/blog\/wp-content\/uploads\/2012\/05\/DRY-207.jpg?fit=400%2C266&resize=350%2C200","width":350,"height":200},"classes":[]},{"id":668,"url":"http:\/\/www.albertocreativografico.com\/blog\/2011\/11\/22\/la-marmota\/","url_meta":{"origin":406,"position":5},"title":"La Marmota","date":"22 noviembre, 2011","format":false,"excerpt":"Web corporativa de la papeler\u00eda y librer\u00eda infantil La Marmota. Dado que la p\u00e1gina deb\u00eda llamar la atenci\u00f3n del p\u00fablico infantil, se creo gran parte de ella en flash para poder dotar de unas simples animaciones, principalmente a la mascota de la tienda. Se ofrece un entorno totalmente interactivo que\u2026","rel":"","context":"En \u00abWebsites\u00bb","img":{"alt_text":"La Marmota","src":"https:\/\/i0.wp.com\/www.albertocreativografico.com\/blog\/wp-content\/uploads\/2011\/11\/lamarmota.jpg?fit=900%2C400&resize=350%2C200","width":350,"height":200},"classes":[]}],"jetpack_likes_enabled":true,"_links":{"self":[{"href":"http:\/\/www.albertocreativografico.com\/blog\/wp-json\/wp\/v2\/posts\/406"}],"collection":[{"href":"http:\/\/www.albertocreativografico.com\/blog\/wp-json\/wp\/v2\/posts"}],"about":[{"href":"http:\/\/www.albertocreativografico.com\/blog\/wp-json\/wp\/v2\/types\/post"}],"author":[{"embeddable":true,"href":"http:\/\/www.albertocreativografico.com\/blog\/wp-json\/wp\/v2\/users\/5"}],"replies":[{"embeddable":true,"href":"http:\/\/www.albertocreativografico.com\/blog\/wp-json\/wp\/v2\/comments?post=406"}],"version-history":[{"count":6,"href":"http:\/\/www.albertocreativografico.com\/blog\/wp-json\/wp\/v2\/posts\/406\/revisions"}],"predecessor-version":[{"id":412,"href":"http:\/\/www.albertocreativografico.com\/blog\/wp-json\/wp\/v2\/posts\/406\/revisions\/412"}],"wp:featuredmedia":[{"embeddable":true,"href":"http:\/\/www.albertocreativografico.com\/blog\/wp-json\/wp\/v2\/media\/407"}],"wp:attachment":[{"href":"http:\/\/www.albertocreativografico.com\/blog\/wp-json\/wp\/v2\/media?parent=406"}],"wp:term":[{"taxonomy":"category","embeddable":true,"href":"http:\/\/www.albertocreativografico.com\/blog\/wp-json\/wp\/v2\/categories?post=406"},{"taxonomy":"post_tag","embeddable":true,"href":"http:\/\/www.albertocreativografico.com\/blog\/wp-json\/wp\/v2\/tags?post=406"}],"curies":[{"name":"wp","href":"https:\/\/api.w.org\/{rel}","templated":true}]}}