{"id":519,"date":"2011-10-27T16:57:45","date_gmt":"2011-10-27T15:57:45","guid":{"rendered":"http:\/\/www.albertocreativografico.com\/blog\/?p=519"},"modified":"2011-11-08T23:13:57","modified_gmt":"2011-11-08T22:13:57","slug":"roy-celia","status":"publish","type":"post","link":"http:\/\/www.albertocreativografico.com\/blog\/2011\/10\/27\/roy-celia\/","title":{"rendered":"Roy Celia"},"content":{"rendered":"<p style=\"text-align: center;\"><a href=\"https:\/\/i0.wp.com\/www.albertocreativografico.com\/blog\/wp-content\/uploads\/2011\/10\/roycelia1.jpg\"><img decoding=\"async\" loading=\"lazy\" class=\"size-full wp-image-521 aligncenter\" title=\"Roy Celia\" src=\"https:\/\/i0.wp.com\/www.albertocreativografico.com\/blog\/wp-content\/uploads\/2011\/10\/roycelia1.jpg?resize=420%2C560\" alt=\"Roy Celia\" width=\"420\" height=\"560\" srcset=\"https:\/\/i0.wp.com\/www.albertocreativografico.com\/blog\/wp-content\/uploads\/2011\/10\/roycelia1.jpg?w=525 525w, https:\/\/i0.wp.com\/www.albertocreativografico.com\/blog\/wp-content\/uploads\/2011\/10\/roycelia1.jpg?resize=225%2C300 225w\" sizes=\"(max-width: 420px) 100vw, 420px\" data-recalc-dims=\"1\" \/><\/a><\/p>\n<p style=\"text-align: justify;\">Nuevo retrato\u00a0basado en la t\u00e9cnica puntillista de Roy Lichtenstein.<\/p>\n<p style=\"text-align: justify;\">El trabajo, estipo pop-art,\u00a0\u00a0se realiz\u00f3 a partir de una fotograf\u00eda existente y se entreg\u00f3 impresa en papel mate, con laminado, montado en FOAM, y enmarcado con un elegante perfil negro.<\/p>\n<p style=\"text-align: justify;\"><a href=\"http:\/\/www.albertocreativografico.com\/blog\/category\/otc-roy-lichtenstein-picture\/\">Ver categor\u00eda<\/a><\/p>\n","protected":false},"excerpt":{"rendered":"<p>Nuevo retrato\u00a0basado en la t\u00e9cnica puntillista de Roy Lichtenstein. El trabajo, estipo pop-art,\u00a0\u00a0se realiz\u00f3 a partir&hellip;<\/p>\n","protected":false},"author":5,"featured_media":521,"comment_status":"open","ping_status":"open","sticky":false,"template":"","format":"standard","meta":{"jetpack_post_was_ever_published":false},"categories":[9],"tags":[23,32,30],"jetpack_featured_media_url":"https:\/\/i0.wp.com\/www.albertocreativografico.com\/blog\/wp-content\/uploads\/2011\/10\/roycelia1.jpg?fit=525%2C700","jetpack_shortlink":"https:\/\/wp.me\/p2ZBZa-8n","jetpack_sharing_enabled":true,"jetpack-related-posts":[{"id":1043,"url":"http:\/\/www.albertocreativografico.com\/blog\/2014\/06\/18\/roy-viki\/","url_meta":{"origin":519,"position":0},"title":"Roy Viki","date":"18 junio, 2014","format":false,"excerpt":"Retrato basado en la t\u00e9cnica\u00a0pop-art\u00a0de Roy Lichtenstein. El trabajo se realiz\u00f3 a partir de una fotograf\u00eda existente con intenci\u00f3n de presentar un boceto para el cart\u00e9l de la SEMINCI 2014. Ver categor\u00eda","rel":"","context":"En \u00abRoy picture\u00bb","img":{"alt_text":"","src":"https:\/\/i0.wp.com\/www.albertocreativografico.com\/blog\/wp-content\/uploads\/2014\/06\/Virginia-ROY-web.jpg?fit=903%2C1200&resize=350%2C200","width":350,"height":200},"classes":[]},{"id":500,"url":"http:\/\/www.albertocreativografico.com\/blog\/2011\/10\/27\/roy-yolanda\/","url_meta":{"origin":519,"position":1},"title":"Roy Yolanda","date":"27 octubre, 2011","format":false,"excerpt":"Retrato basado en la t\u00e9cnica\u00a0pop-art\u00a0de Roy Lichtenstein. El trabajo se realiz\u00f3 a partir de una fotograf\u00eda existente y se entreg\u00f3 impresa en papel metalizado, montado en FOAM, y enmarcado con un elegante perfil negro. Ver categor\u00eda","rel":"","context":"En \u00abRoy picture\u00bb","img":{"alt_text":"Roy Yolanda","src":"https:\/\/i0.wp.com\/www.albertocreativografico.com\/blog\/wp-content\/uploads\/2011\/10\/royyolanda1.jpg?fit=933%2C700&resize=350%2C200","width":350,"height":200},"classes":[]},{"id":853,"url":"http:\/\/www.albertocreativografico.com\/blog\/2012\/02\/01\/roy-monica\/","url_meta":{"origin":519,"position":2},"title":"Roy Monica","date":"1 febrero, 2012","format":false,"excerpt":"Otro retrato m\u00e1s basado en la t\u00e9cnica y el estilo inconfundible del\u00a0de Roy Lichtenstein. El trabajo se realiz\u00f3 a partir de dos fotograf\u00edas existentes y se entreg\u00f3 impresa en vinilo, montado en FOAM. Ver categor\u00eda","rel":"","context":"En \u00abRoy picture\u00bb","img":{"alt_text":"Roy Monica","src":"https:\/\/i0.wp.com\/www.albertocreativografico.com\/blog\/wp-content\/uploads\/2012\/02\/RoyMonica.jpg?fit=973%2C700&resize=350%2C200","width":350,"height":200},"classes":[]},{"id":455,"url":"http:\/\/www.albertocreativografico.com\/blog\/2011\/10\/24\/roy-marta\/","url_meta":{"origin":519,"position":3},"title":"Roy Marta","date":"24 octubre, 2011","format":false,"excerpt":"Retrato basado en la t\u00e9cnica pop-art de Roy Lichtenstein. El trabajo se realiz\u00f3 a partir de una fotograf\u00eda existente y se entreg\u00f3 impresa en papel metalizado, montado en FOAM, y enmarcado con un elegante perfil cromado. Ver categor\u00eda","rel":"","context":"En \u00abRoy picture\u00bb","img":{"alt_text":"Roy Marta","src":"https:\/\/i0.wp.com\/www.albertocreativografico.com\/blog\/wp-content\/uploads\/2011\/10\/roymarta.jpg?fit=700%2C700&resize=350%2C200","width":350,"height":200},"classes":[]},{"id":313,"url":"http:\/\/www.albertocreativografico.com\/blog\/2011\/10\/18\/otc-roy-lichtenstein-pictures\/","url_meta":{"origin":519,"position":4},"title":"Otc Roy Lichtenstein pictures","date":"18 octubre, 2011","format":false,"excerpt":"Con esta imagen, la primera que dibuje bas\u00e1ndome en el estilo de Roy Lichtenstein, abro mi blog, pues este es el estilo de trabajos con el que\u00a0mejor me siento realizado. Para este trabajo me bas\u00e9 en una fotograf\u00eda de una revista, pero luego llegar\u00edan, los trabajos realizados sobre las im\u00e1genes\u2026","rel":"","context":"En \u00abRoy picture\u00bb","img":{"alt_text":"Roy original","src":"https:\/\/i0.wp.com\/www.albertocreativografico.com\/blog\/wp-content\/uploads\/2011\/10\/royoriginal.jpg?fit=852%2C700&resize=350%2C200","width":350,"height":200},"classes":[]},{"id":995,"url":"http:\/\/www.albertocreativografico.com\/blog\/2013\/08\/30\/paris-en-blanco-y-negro\/","url_meta":{"origin":519,"position":5},"title":"Par\u00eds en blanco y negro","date":"30 agosto, 2013","format":false,"excerpt":"Presento este nuevo trabajo fotogr\u00e1fico, fruto de unos d\u00edas en Par\u00eds, acogido por unos buenos amigos. Pude disfrutar del encanto de esta ciudad, llena de maravillosos rincones y singularidades, recorriendo no solo los sitios que la definen, sino pateando cada rinconcito de cada barrio, y como no pod\u00eda ser menos\u2026","rel":"","context":"En \u00abFotograf\u00eda\u00bb","img":{"alt_text":"","src":"https:\/\/i0.wp.com\/www.albertocreativografico.com\/blog\/wp-content\/uploads\/2013\/08\/2013-07-15-00.02.47.jpg?fit=1155%2C768&resize=350%2C200","width":350,"height":200},"classes":[]}],"jetpack_likes_enabled":true,"_links":{"self":[{"href":"http:\/\/www.albertocreativografico.com\/blog\/wp-json\/wp\/v2\/posts\/519"}],"collection":[{"href":"http:\/\/www.albertocreativografico.com\/blog\/wp-json\/wp\/v2\/posts"}],"about":[{"href":"http:\/\/www.albertocreativografico.com\/blog\/wp-json\/wp\/v2\/types\/post"}],"author":[{"embeddable":true,"href":"http:\/\/www.albertocreativografico.com\/blog\/wp-json\/wp\/v2\/users\/5"}],"replies":[{"embeddable":true,"href":"http:\/\/www.albertocreativografico.com\/blog\/wp-json\/wp\/v2\/comments?post=519"}],"version-history":[{"count":5,"href":"http:\/\/www.albertocreativografico.com\/blog\/wp-json\/wp\/v2\/posts\/519\/revisions"}],"predecessor-version":[{"id":739,"href":"http:\/\/www.albertocreativografico.com\/blog\/wp-json\/wp\/v2\/posts\/519\/revisions\/739"}],"wp:featuredmedia":[{"embeddable":true,"href":"http:\/\/www.albertocreativografico.com\/blog\/wp-json\/wp\/v2\/media\/521"}],"wp:attachment":[{"href":"http:\/\/www.albertocreativografico.com\/blog\/wp-json\/wp\/v2\/media?parent=519"}],"wp:term":[{"taxonomy":"category","embeddable":true,"href":"http:\/\/www.albertocreativografico.com\/blog\/wp-json\/wp\/v2\/categories?post=519"},{"taxonomy":"post_tag","embeddable":true,"href":"http:\/\/www.albertocreativografico.com\/blog\/wp-json\/wp\/v2\/tags?post=519"}],"curies":[{"name":"wp","href":"https:\/\/api.w.org\/{rel}","templated":true}]}}