{"id":549,"date":"2011-11-08T22:18:59","date_gmt":"2011-11-08T21:18:59","guid":{"rendered":"http:\/\/www.albertocreativografico.com\/blog\/?p=549"},"modified":"2011-11-08T23:11:01","modified_gmt":"2011-11-08T22:11:01","slug":"fin-de-la-exposicion","status":"publish","type":"post","link":"http:\/\/www.albertocreativografico.com\/blog\/2011\/11\/08\/fin-de-la-exposicion\/","title":{"rendered":"Fin de la exposici\u00f3n"},"content":{"rendered":"<p style=\"text-align: justify;\">Pues si, la exposici\u00f3n &#8220;<strong>Valladolid, m\u00e1s ancho que largo<\/strong>&#8221; ha terminado una de sus etapas, en la importante <em>Fundaci\u00f3n Museo Cristobal Gabarr\u00f3<\/em>n<em> (FMCG)<\/em>, con gran exito de asistencia.<\/p>\n<p style=\"text-align: justify;\">Un acontecimiento, importante en mi trayectoria, ya que este tipo de lugares, son muy restrictivos y de\u00a0dif\u00edcil\u00a0acceso, que gracias a Chema Concell\u00f3n, participante y organizador, y a Julio Cesar, el comisario de la misma, han hecho que esta opci\u00f3n se convirtiera en una realidad, que desde ya, forma parte de mi curriculum, por encima de anteriores exposiciones en bares, cafeter\u00edas, salas de asociaciones, peque\u00f1os ayuntamientos y los Centros C\u00edvicos de la ciudad.<\/p>\n<p style=\"text-align: justify;\">Pr\u00f3ximamente la exposici\u00f3n se trasladara a la sala del Centro C\u00edvico Jose Mar\u00eda Luelmo, a petici\u00f3n de la concejala de Cultura, Mercedes Cantalapiedra, a la que se agradece el inter\u00e9s demostrado en nuestro trabajo.<\/p>\n<p style=\"text-align: justify;\">Os dejo con unas tomadas antes y durante el desmontaje en la FMCG, para complacer a los que no han podido asistir.<\/p>\n<p style=\"text-align: justify;\">Gracias a todos<\/p>\n\n","protected":false},"excerpt":{"rendered":"<p>Pues si, la exposici\u00f3n &#8220;Valladolid, m\u00e1s ancho que largo&#8221; ha terminado una de sus etapas, en&hellip;<\/p>\n","protected":false},"author":5,"featured_media":0,"comment_status":"open","ping_status":"open","sticky":false,"template":"","format":"standard","meta":{"jetpack_post_was_ever_published":false},"categories":[1],"tags":[75,103,102,29,26],"jetpack_featured_media_url":"","jetpack_shortlink":"https:\/\/wp.me\/p2ZBZa-8R","jetpack_sharing_enabled":true,"jetpack-related-posts":[{"id":328,"url":"http:\/\/www.albertocreativografico.com\/blog\/2011\/10\/18\/exposicion-en-la-fmcg\/","url_meta":{"origin":549,"position":0},"title":"Exposici\u00f3n en la FMCG","date":"18 octubre, 2011","format":false,"excerpt":"Ahora la exposici\u00f3n \"Valladolid, m\u00e1s ancho que largo\" se exhibe en la Fundaci\u00f3n Museo Cristobal Gabarr\u00f3n. Hasta el pr\u00f3ximo d\u00eda 28 de octubre, en la sedesita en la calle Rastrojo s\/n, en el barrio de la Huerta del Rey. Horario:\u00a0Horario: L-V de 10 a 14 y de 16 a 20\u2026","rel":"","context":"En \u00abPersonal\u00bb","img":{"alt_text":"Valladolid, mas ancho que largo","src":"https:\/\/i0.wp.com\/www.albertocreativografico.com\/blog\/wp-content\/uploads\/2011\/10\/anchoquelargo.jpg?fit=926%2C700&resize=350%2C200","width":350,"height":200},"classes":[]},{"id":478,"url":"http:\/\/www.albertocreativografico.com\/blog\/2011\/10\/25\/ultima-semana\/","url_meta":{"origin":549,"position":1},"title":"\u00daltima semana","date":"25 octubre, 2011","format":false,"excerpt":"\u00a0 \u00daltimos d\u00edas de la exposici\u00f3n Valladolid, m\u00e1s ancho que largo, que en estos momentos se exhibe en la Fundaci\u00f3n Museo Cristobal Gabarr\u00f3n. Est\u00e1 previsto el desmontaje el viernes o el s\u00e1bado, dado que el viernes 28, si no se prorroga, es el \u00faltimo d\u00eda de exposici\u00f3n. Por otro lado,\u2026","rel":"","context":"En \u00abPersonal\u00bb","img":{"alt_text":"FMCG 1","src":"https:\/\/i0.wp.com\/www.albertocreativografico.com\/blog\/wp-content\/uploads\/2011\/10\/DSC8841.jpg?fit=900%2C598&resize=350%2C200","width":350,"height":200},"classes":[]},{"id":1533,"url":"http:\/\/www.albertocreativografico.com\/blog\/2018\/07\/17\/semana-santa-de-valladolid-2018\/","url_meta":{"origin":549,"position":2},"title":"Semana Santa de Valladolid 2018","date":"17 julio, 2018","format":"image","excerpt":"La Semana Santa de Valladolid es el principal acontecimiento cultural, religioso y de atracci\u00f3n tur\u00edstica de la ciudad. Sus tallas se encuentran entre las de mayor valor art\u00edstico del mundo en escultura policromada, gracias sobre todo a imagineros como Juan de Juni y Gregorio Fern\u00e1ndez, activos en el periodo en\u2026","rel":"","context":"En \u00abFotograf\u00eda\u00bb","img":{"alt_text":"","src":"https:\/\/i0.wp.com\/www.albertocreativografico.com\/blog\/wp-content\/uploads\/2018\/07\/36643911_10156152603281253_4195550300725051392_o.jpg?fit=1200%2C797&resize=350%2C200","width":350,"height":200},"classes":[]},{"id":447,"url":"http:\/\/www.albertocreativografico.com\/blog\/2011\/10\/24\/instituto-municipal-de-empleo\/","url_meta":{"origin":549,"position":3},"title":"Instituto Municipal de Empleo","date":"24 octubre, 2011","format":false,"excerpt":"Presentaci\u00f3n de la secci\u00f3n de empleo del Ayuntamiento de Valladolid. Aplicaci\u00f3n-presentaci\u00f3n en tecnolog\u00eda flash,sobre el Instituto Municipal de Empleo de Valladolid, donde se ofrece una informaci\u00f3n completa sobre este organismo, y todas fus funciones y posibilidades, con avance autom\u00e1tico y manual, y men\u00fa din\u00e1mico.","rel":"","context":"En \u00abOtros\u00bb","img":{"alt_text":"Instituto Municipal de Empleo","src":"https:\/\/i0.wp.com\/www.albertocreativografico.com\/blog\/wp-content\/uploads\/2011\/10\/ime.jpg?fit=1000%2C444&resize=350%2C200","width":350,"height":200},"classes":[]},{"id":929,"url":"http:\/\/www.albertocreativografico.com\/blog\/2012\/05\/08\/12m15m\/","url_meta":{"origin":549,"position":4},"title":"12M15M","date":"8 mayo, 2012","format":false,"excerpt":"A un a\u00f1o del comienzo del movimiento del 15M, y como previa al aniversario con un nuevo empuje el 12M, se elabor\u00f3 este audiovisual presentado en la 2\u00aa edici\u00f3n de la Marat\u00f3n Audiovisual Ciudad de Valladolid. Mientras se proyectaba el audiovisual actuaron en directo Reas y DJ Miyagui, que pusieron\u2026","rel":"","context":"En \u00abFotograf\u00eda\u00bb","img":{"alt_text":"","src":"https:\/\/i0.wp.com\/www.albertocreativografico.com\/blog\/wp-content\/uploads\/2012\/05\/DRY-207.jpg?fit=400%2C266&resize=350%2C200","width":350,"height":200},"classes":[]},{"id":919,"url":"http:\/\/www.albertocreativografico.com\/blog\/2012\/04\/27\/a-rapa-das-bestas\/","url_meta":{"origin":549,"position":5},"title":"A Rapa das Bestas","date":"27 abril, 2012","format":false,"excerpt":"Con el siguiente v\u00eddeo he participado junto a Marta Guijarro, en la 2\u00aa Edici\u00f3n de la Marat\u00f3n Audiovisual Ciudad de Valladolid, un evento organizado en Valladolid en torno a los fot\u00f3grafos aficionados y asociaciones. Las fotos se tomaron en \"la rapa de las bestias\" que se celebr\u00f3 en el Curro\u2026","rel":"","context":"En \u00abPersonal\u00bb","img":{"alt_text":"","src":"https:\/\/i0.wp.com\/www.albertocreativografico.com\/blog\/wp-content\/uploads\/2012\/04\/219.jpg?fit=800%2C531&resize=350%2C200","width":350,"height":200},"classes":[]}],"jetpack_likes_enabled":true,"_links":{"self":[{"href":"http:\/\/www.albertocreativografico.com\/blog\/wp-json\/wp\/v2\/posts\/549"}],"collection":[{"href":"http:\/\/www.albertocreativografico.com\/blog\/wp-json\/wp\/v2\/posts"}],"about":[{"href":"http:\/\/www.albertocreativografico.com\/blog\/wp-json\/wp\/v2\/types\/post"}],"author":[{"embeddable":true,"href":"http:\/\/www.albertocreativografico.com\/blog\/wp-json\/wp\/v2\/users\/5"}],"replies":[{"embeddable":true,"href":"http:\/\/www.albertocreativografico.com\/blog\/wp-json\/wp\/v2\/comments?post=549"}],"version-history":[{"count":7,"href":"http:\/\/www.albertocreativografico.com\/blog\/wp-json\/wp\/v2\/posts\/549\/revisions"}],"predecessor-version":[{"id":565,"href":"http:\/\/www.albertocreativografico.com\/blog\/wp-json\/wp\/v2\/posts\/549\/revisions\/565"}],"wp:attachment":[{"href":"http:\/\/www.albertocreativografico.com\/blog\/wp-json\/wp\/v2\/media?parent=549"}],"wp:term":[{"taxonomy":"category","embeddable":true,"href":"http:\/\/www.albertocreativografico.com\/blog\/wp-json\/wp\/v2\/categories?post=549"},{"taxonomy":"post_tag","embeddable":true,"href":"http:\/\/www.albertocreativografico.com\/blog\/wp-json\/wp\/v2\/tags?post=549"}],"curies":[{"name":"wp","href":"https:\/\/api.w.org\/{rel}","templated":true}]}}