{"id":722,"date":"2011-12-05T19:33:57","date_gmt":"2011-12-05T18:33:57","guid":{"rendered":"http:\/\/www.albertocreativografico.com\/blog\/?p=722"},"modified":"2011-12-05T19:33:57","modified_gmt":"2011-12-05T18:33:57","slug":"2-lunas-fotografas","status":"publish","type":"post","link":"http:\/\/www.albertocreativografico.com\/blog\/2011\/12\/05\/2-lunas-fotografas\/","title":{"rendered":"2 Lunas Fot\u00f3grafas"},"content":{"rendered":"<p style=\"text-align: center;\">\n<p style=\"text-align: center;\"><a href=\"https:\/\/i0.wp.com\/www.albertocreativografico.com\/blog\/wp-content\/uploads\/2011\/12\/2lunas1.jpg\"><img decoding=\"async\" loading=\"lazy\" class=\"aligncenter size-full wp-image-724\" title=\"2 Lunas Fot\u00f3grafas\" src=\"https:\/\/i0.wp.com\/www.albertocreativografico.com\/blog\/wp-content\/uploads\/2011\/12\/2lunas1.jpg?resize=630%2C179\" alt=\"2 Lunas Fot\u00f3grafas\" width=\"630\" height=\"179\" srcset=\"https:\/\/i0.wp.com\/www.albertocreativografico.com\/blog\/wp-content\/uploads\/2011\/12\/2lunas1.jpg?w=900 900w, https:\/\/i0.wp.com\/www.albertocreativografico.com\/blog\/wp-content\/uploads\/2011\/12\/2lunas1.jpg?resize=300%2C85 300w\" sizes=\"(max-width: 630px) 100vw, 630px\" data-recalc-dims=\"1\" \/><\/a><\/p>\n<p style=\"text-align: justify;\">Logotipo para empresa de fotograf\u00eda de Zaragoza, formada por dos mujeres, con un estilo muy personal.<\/p>\n<p style=\"text-align: justify;\">Se requer\u00eda por tanto, que la imagen ofreciera la imagen que ella pretend\u00eda. Pura\u00a0elegancia, dotada de un toque de formalidad, en un envoltorio que reflejara el clasicismo de una \u00e9poca anterior, concr\u00e9tamente, a la belle ep\u00f2que, con el que las fot\u00f3grafas pretend\u00edan captar clientes para, particularmente, \u00a0realizar trabajos de boda.<\/p>\n","protected":false},"excerpt":{"rendered":"<p>Logotipo para empresa de fotograf\u00eda de Zaragoza, formada por dos mujeres, con un estilo muy personal.&hellip;<\/p>\n","protected":false},"author":5,"featured_media":724,"comment_status":"open","ping_status":"open","sticky":false,"template":"","format":"standard","meta":{"jetpack_post_was_ever_published":false},"categories":[6],"tags":[125,70,22,17],"jetpack_featured_media_url":"https:\/\/i0.wp.com\/www.albertocreativografico.com\/blog\/wp-content\/uploads\/2011\/12\/2lunas1.jpg?fit=900%2C256","jetpack_shortlink":"https:\/\/wp.me\/p2ZBZa-bE","jetpack_sharing_enabled":true,"jetpack-related-posts":[{"id":474,"url":"http:\/\/www.albertocreativografico.com\/blog\/2011\/10\/25\/ecolid\/","url_meta":{"origin":722,"position":0},"title":"Ecolid","date":"25 octubre, 2011","format":false,"excerpt":"Logotipo de la empresa medioambiental Ecolid. Empresa enfocada a aulas de medioambiente para ni\u00f1os, y a la vez a servicios de asesoria para empresas dentro del \"Plan21\". La imagen deb\u00eda trasladar respeto a la naturaleza, colores suaves y calidos, a la vez que el nombre transmit\u00eda fuerza y seriedad en\u2026","rel":"","context":"En \u00abImagen corporativa\u00bb","img":{"alt_text":"Ecolid","src":"https:\/\/i0.wp.com\/www.albertocreativografico.com\/blog\/wp-content\/uploads\/2011\/10\/ecolid.jpg?fit=900%2C362&resize=350%2C200","width":350,"height":200},"classes":[]},{"id":413,"url":"http:\/\/www.albertocreativografico.com\/blog\/2011\/10\/24\/ocio-sport\/","url_meta":{"origin":722,"position":1},"title":"Ocio-Sport","date":"24 octubre, 2011","format":false,"excerpt":"Imagen gr\u00e1fica para empresa de actividades deportivas y de ocio. Imagen completa, basada en el grafismo de su logotipo. La papeler\u00eda inclu\u00eda, aparte de hojas membretadas, sobres y tarjetas, el desarrollo de carpeta con solapas para entregar documentaci\u00f3n de forma publicitaria, carpetas m\u00e1s sencilas para uso particular. Adem\u00e1s \u00a0se realizaron\u2026","rel":"","context":"En \u00abImagen corporativa\u00bb","img":{"alt_text":"Ocio-Sport","src":"https:\/\/i0.wp.com\/www.albertocreativografico.com\/blog\/wp-content\/uploads\/2011\/10\/ociosport.jpg?fit=1000%2C445&resize=350%2C200","width":350,"height":200},"classes":[]},{"id":335,"url":"http:\/\/www.albertocreativografico.com\/blog\/2011\/10\/18\/mi-hogar-su-cuarto\/","url_meta":{"origin":722,"position":2},"title":"Mi Hogar \/ Su Cuarto","date":"18 octubre, 2011","format":false,"excerpt":"Logotipos para tienda de muebles Ambos logotipos son para la misma empresa, diferenciando el local en dos \u00e1reas distintas, con distintos accesos, una de mobiliario en general, dormitorios y salones, y otra de dormitorio infantil. El logotipo, primero y principal deb\u00eda trasladar formalidad y elegancia, reforzado en una letra elegante,\u2026","rel":"","context":"En \u00abImagen corporativa\u00bb","img":{"alt_text":"Mi hogar \/ Su Cuarto","src":"https:\/\/i0.wp.com\/www.albertocreativografico.com\/blog\/wp-content\/uploads\/2011\/10\/mihogar.jpg?fit=1200%2C533&resize=350%2C200","width":350,"height":200},"classes":[]},{"id":628,"url":"http:\/\/www.albertocreativografico.com\/blog\/2011\/11\/10\/la-tinada-del-cadagua\/","url_meta":{"origin":722,"position":3},"title":"La Tinada del Cadagua","date":"10 noviembre, 2011","format":false,"excerpt":"Papeler\u00eda realizada para la empresa de adiestramiento y hospedaje equino, La Tinada del Cadagua. Con el logotipo redibujado a partir de un elemento promocional, por no disponer del archivo del mismo, se elaboraron los elementos esenciales de comunicaci\u00f3n de la empresa, es decir, tarjetas, sobres y hojas membretatas,\u00a0as\u00ed\u00a0como un necesario\u2026","rel":"","context":"En \u00abImagen corporativa\u00bb","img":{"alt_text":"La tinada del Cadagua","src":"https:\/\/i0.wp.com\/www.albertocreativografico.com\/blog\/wp-content\/uploads\/2011\/11\/latinada.jpg?fit=1024%2C556&resize=350%2C200","width":350,"height":200},"classes":[]},{"id":527,"url":"http:\/\/www.albertocreativografico.com\/blog\/2011\/10\/27\/presentacion-de-ugt-castilla-y-leon\/","url_meta":{"origin":722,"position":4},"title":"Presentaci\u00f3n de UGT Castilla y Le\u00f3n","date":"27 octubre, 2011","format":false,"excerpt":"Presentaci\u00f3n corporativa de la federaci\u00f3n castellano leonesa de la Uni\u00f3n General de Trabajadores (UGT). La aplicaci\u00f3n manual comenzaba con un\u00a0v\u00eddeo\u00a0generado con tecnolog\u00eda flash, a modo de introducci\u00f3n, en el que unos lasers dibujaban el logotipo principal, para que con una serie de animaciones conjug\u00e1ndolo con los iconos de Castilla y\u2026","rel":"","context":"En \u00abOtros\u00bb","img":{"alt_text":"UGT","src":"https:\/\/i0.wp.com\/www.albertocreativografico.com\/blog\/wp-content\/uploads\/2011\/10\/ugt.jpg?fit=900%2C400&resize=350%2C200","width":350,"height":200},"classes":[]},{"id":927,"url":"http:\/\/www.albertocreativografico.com\/blog\/2012\/05\/18\/optica-alfonso-viii\/","url_meta":{"origin":722,"position":5},"title":"Optica Alfonso VIII","date":"18 mayo, 2012","format":false,"excerpt":"Logotipo para peque\u00f1o comercio de \u00d3ptica. El icono, ojo femenino, trata de impactar visualmente sobre la clasificaci\u00f3n del negocio, a la vez que le da un toque amable personal y femenino, en el trato. La tipograf\u00eda de \u201cOPTICA\u201d, integrada con el ojo a trav\u00e9s de la \u201cO\u201d, es robusta para\u2026","rel":"","context":"En \u00abImagen corporativa\u00bb","img":{"alt_text":"","src":"https:\/\/i0.wp.com\/www.albertocreativografico.com\/blog\/wp-content\/uploads\/2012\/05\/Logotipo-color.jpg?fit=850%2C422&resize=350%2C200","width":350,"height":200},"classes":[]}],"jetpack_likes_enabled":true,"_links":{"self":[{"href":"http:\/\/www.albertocreativografico.com\/blog\/wp-json\/wp\/v2\/posts\/722"}],"collection":[{"href":"http:\/\/www.albertocreativografico.com\/blog\/wp-json\/wp\/v2\/posts"}],"about":[{"href":"http:\/\/www.albertocreativografico.com\/blog\/wp-json\/wp\/v2\/types\/post"}],"author":[{"embeddable":true,"href":"http:\/\/www.albertocreativografico.com\/blog\/wp-json\/wp\/v2\/users\/5"}],"replies":[{"embeddable":true,"href":"http:\/\/www.albertocreativografico.com\/blog\/wp-json\/wp\/v2\/comments?post=722"}],"version-history":[{"count":3,"href":"http:\/\/www.albertocreativografico.com\/blog\/wp-json\/wp\/v2\/posts\/722\/revisions"}],"predecessor-version":[{"id":726,"href":"http:\/\/www.albertocreativografico.com\/blog\/wp-json\/wp\/v2\/posts\/722\/revisions\/726"}],"wp:featuredmedia":[{"embeddable":true,"href":"http:\/\/www.albertocreativografico.com\/blog\/wp-json\/wp\/v2\/media\/724"}],"wp:attachment":[{"href":"http:\/\/www.albertocreativografico.com\/blog\/wp-json\/wp\/v2\/media?parent=722"}],"wp:term":[{"taxonomy":"category","embeddable":true,"href":"http:\/\/www.albertocreativografico.com\/blog\/wp-json\/wp\/v2\/categories?post=722"},{"taxonomy":"post_tag","embeddable":true,"href":"http:\/\/www.albertocreativografico.com\/blog\/wp-json\/wp\/v2\/tags?post=722"}],"curies":[{"name":"wp","href":"https:\/\/api.w.org\/{rel}","templated":true}]}}