{"id":826,"date":"2012-01-11T18:27:26","date_gmt":"2012-01-11T17:27:26","guid":{"rendered":"http:\/\/www.albertocreativografico.com\/blog\/?p=826"},"modified":"2012-01-11T18:27:26","modified_gmt":"2012-01-11T17:27:26","slug":"eurotrem-espana","status":"publish","type":"post","link":"http:\/\/www.albertocreativografico.com\/blog\/2012\/01\/11\/eurotrem-espana\/","title":{"rendered":"Eurotrem Espa\u00f1a"},"content":{"rendered":"<p style=\"text-align: center;\"><img decoding=\"async\" loading=\"lazy\" class=\"aligncenter size-full wp-image-827\" title=\"Presentaci\u00f3n\" src=\"https:\/\/i0.wp.com\/www.albertocreativografico.com\/blog\/wp-content\/uploads\/2012\/01\/eurotrem1.jpg?resize=675%2C395\" alt=\"Presentaci\u00f3n\" width=\"675\" height=\"395\" srcset=\"https:\/\/i0.wp.com\/www.albertocreativografico.com\/blog\/wp-content\/uploads\/2012\/01\/eurotrem1.jpg?w=1024 1024w, https:\/\/i0.wp.com\/www.albertocreativografico.com\/blog\/wp-content\/uploads\/2012\/01\/eurotrem1.jpg?resize=300%2C175 300w\" sizes=\"(max-width: 675px) 100vw, 675px\" data-recalc-dims=\"1\" \/><\/p>\n<p style=\"text-align: justify;\">Este trabajo no es\u00a0enteramente\u00a0personal, ya que el cliente dispon\u00eda de una plantilla en flash, sobre la que quer\u00eda realizar unas modificaciones sobre la misma de acuerdo a sus necesidades.<\/p>\n<p style=\"text-align: justify;\">El primer problema que se presentaba, es que a pesar de que el cliente hab\u00eda pagado un precio que dar\u00eda derecho a exclusividad en el uso de la plantilla, solo le facilitaron en archivo flash compilado SWF.<\/p>\n<p style=\"text-align: justify;\">Tras conseguir una decompilaci\u00f3n apropiada, se pudo a\u00f1adir una pesta\u00f1a, modificar su movimiento para que asomaran m\u00e1s al pasar el curso sobre ellas, y cambiar algunos contenidos.<\/p>\n<p style=\"text-align: justify;\">La pesta\u00f1a a\u00f1adida de &#8220;<em>productos<\/em>&#8220;, est\u00e1 realizada a medida, para que el cliente pudiera actualizar sus contenidos, de acuerdo a las categor\u00edas insertadas, permitiendo ampliar la informaci\u00f3n a trav\u00e9s de una p\u00e1gina maqueta en PHP, tratando de mantener el estilo del sitio, a modo de hoja con de cuaderno con espiral, como se puede ver en una de las im\u00e1genes de la galer\u00eda.<\/p>\n<p style=\"text-align: justify;\"><a title=\"Eurotrem\" href=\"http:\/\/www.eurotrem.com\" target=\"_blank\">http:\/\/www.eurotrem.com<\/a><\/p>\n<div id='gallery-1' class='gallery galleryid-826 gallery-columns-4 gallery-size-thumbnail'><dl class='gallery-item'>\n\t\t\t<dt class='gallery-icon landscape'>\n\t\t\t\t<a href='http:\/\/www.albertocreativografico.com\/blog\/2012\/01\/11\/eurotrem-espana\/eurotrem1\/'><img width=\"150\" height=\"150\" src=\"https:\/\/i0.wp.com\/www.albertocreativografico.com\/blog\/wp-content\/uploads\/2012\/01\/eurotrem1.jpg?resize=150%2C150\" class=\"attachment-thumbnail size-thumbnail\" alt=\"Presentaci\u00f3n\" decoding=\"async\" loading=\"lazy\" srcset=\"https:\/\/i0.wp.com\/www.albertocreativografico.com\/blog\/wp-content\/uploads\/2012\/01\/eurotrem1.jpg?resize=150%2C150 150w, https:\/\/i0.wp.com\/www.albertocreativografico.com\/blog\/wp-content\/uploads\/2012\/01\/eurotrem1.jpg?zoom=2&amp;resize=150%2C150 300w, https:\/\/i0.wp.com\/www.albertocreativografico.com\/blog\/wp-content\/uploads\/2012\/01\/eurotrem1.jpg?zoom=3&amp;resize=150%2C150 450w\" sizes=\"(max-width: 150px) 100vw, 150px\" \/><\/a>\n\t\t\t<\/dt><\/dl><dl class='gallery-item'>\n\t\t\t<dt class='gallery-icon landscape'>\n\t\t\t\t<a href='http:\/\/www.albertocreativografico.com\/blog\/2012\/01\/11\/eurotrem-espana\/eurotrem2\/'><img width=\"150\" height=\"150\" src=\"https:\/\/i0.wp.com\/www.albertocreativografico.com\/blog\/wp-content\/uploads\/2012\/01\/eurotrem2.jpg?resize=150%2C150\" class=\"attachment-thumbnail size-thumbnail\" alt=\"\" decoding=\"async\" loading=\"lazy\" srcset=\"https:\/\/i0.wp.com\/www.albertocreativografico.com\/blog\/wp-content\/uploads\/2012\/01\/eurotrem2.jpg?resize=150%2C150 150w, https:\/\/i0.wp.com\/www.albertocreativografico.com\/blog\/wp-content\/uploads\/2012\/01\/eurotrem2.jpg?zoom=2&amp;resize=150%2C150 300w, https:\/\/i0.wp.com\/www.albertocreativografico.com\/blog\/wp-content\/uploads\/2012\/01\/eurotrem2.jpg?zoom=3&amp;resize=150%2C150 450w\" sizes=\"(max-width: 150px) 100vw, 150px\" \/><\/a>\n\t\t\t<\/dt><\/dl><dl class='gallery-item'>\n\t\t\t<dt class='gallery-icon landscape'>\n\t\t\t\t<a href='http:\/\/www.albertocreativografico.com\/blog\/2012\/01\/11\/eurotrem-espana\/eurotrem3\/'><img width=\"150\" height=\"150\" src=\"https:\/\/i0.wp.com\/www.albertocreativografico.com\/blog\/wp-content\/uploads\/2012\/01\/eurotrem3.jpg?resize=150%2C150\" class=\"attachment-thumbnail size-thumbnail\" alt=\"\" decoding=\"async\" loading=\"lazy\" srcset=\"https:\/\/i0.wp.com\/www.albertocreativografico.com\/blog\/wp-content\/uploads\/2012\/01\/eurotrem3.jpg?resize=150%2C150 150w, https:\/\/i0.wp.com\/www.albertocreativografico.com\/blog\/wp-content\/uploads\/2012\/01\/eurotrem3.jpg?zoom=2&amp;resize=150%2C150 300w, https:\/\/i0.wp.com\/www.albertocreativografico.com\/blog\/wp-content\/uploads\/2012\/01\/eurotrem3.jpg?zoom=3&amp;resize=150%2C150 450w\" sizes=\"(max-width: 150px) 100vw, 150px\" \/><\/a>\n\t\t\t<\/dt><\/dl>\n\t\t\t<br style='clear: both' \/>\n\t\t<\/div>\n\n","protected":false},"excerpt":{"rendered":"<p>Este trabajo no es\u00a0enteramente\u00a0personal, ya que el cliente dispon\u00eda de una plantilla en flash, sobre la&hellip;<\/p>\n","protected":false},"author":5,"featured_media":827,"comment_status":"open","ping_status":"open","sticky":false,"template":"","format":"standard","meta":{"jetpack_post_was_ever_published":false},"categories":[40],"tags":[129,128,82,131,132,130],"jetpack_featured_media_url":"https:\/\/i0.wp.com\/www.albertocreativografico.com\/blog\/wp-content\/uploads\/2012\/01\/eurotrem1.jpg?fit=1024%2C599","jetpack_shortlink":"https:\/\/wp.me\/p2ZBZa-dk","jetpack_sharing_enabled":true,"jetpack-related-posts":[{"id":668,"url":"http:\/\/www.albertocreativografico.com\/blog\/2011\/11\/22\/la-marmota\/","url_meta":{"origin":826,"position":0},"title":"La Marmota","date":"22 noviembre, 2011","format":false,"excerpt":"Web corporativa de la papeler\u00eda y librer\u00eda infantil La Marmota. Dado que la p\u00e1gina deb\u00eda llamar la atenci\u00f3n del p\u00fablico infantil, se creo gran parte de ella en flash para poder dotar de unas simples animaciones, principalmente a la mascota de la tienda. Se ofrece un entorno totalmente interactivo que\u2026","rel":"","context":"En \u00abWebsites\u00bb","img":{"alt_text":"La Marmota","src":"https:\/\/i0.wp.com\/www.albertocreativografico.com\/blog\/wp-content\/uploads\/2011\/11\/lamarmota.jpg?fit=900%2C400&resize=350%2C200","width":350,"height":200},"classes":[]},{"id":632,"url":"http:\/\/www.albertocreativografico.com\/blog\/2011\/11\/10\/cosmetologia_as\/","url_meta":{"origin":826,"position":1},"title":"Cosmetolog\u00eda AS","date":"10 noviembre, 2011","format":false,"excerpt":"Embalaje dise\u00f1ado para su uso en establecimientos distribuidores. El cliente deseaba una caja en la que poder transportar 25 frascos de uno de sus productos espec\u00edficos. El dise\u00f1o se complementa con otro troquel que hace las funciones de tapa, encajonada por los 4 lados, y que una vez en el\u2026","rel":"","context":"En \u00abTroquelados\u00bb","img":{"alt_text":"Cosmetolog\u00eda AS","src":"https:\/\/i0.wp.com\/www.albertocreativografico.com\/blog\/wp-content\/uploads\/2011\/11\/cosmetologia1.jpg?fit=1024%2C500&resize=350%2C200","width":350,"height":200},"classes":[]},{"id":664,"url":"http:\/\/www.albertocreativografico.com\/blog\/2011\/11\/17\/calendarios\/","url_meta":{"origin":826,"position":2},"title":"Calendarios","date":"17 noviembre, 2011","format":false,"excerpt":"Calendarios con troquel totalmente personalizado, para los casos en que el cliente desee un tama\u00f1o en particular, con cierre espec\u00edfico. En este caso el particular, \u00a0exist\u00eda la especial necesidad de un formato de calendario de sobremesa, a una p\u00e1gina, pero con una base estrecha.","rel":"","context":"En \u00abTroquelados\u00bb","img":{"alt_text":"Calendarios","src":"https:\/\/i0.wp.com\/www.albertocreativografico.com\/blog\/wp-content\/uploads\/2011\/11\/calendarios.jpg?resize=350%2C200","width":350,"height":200},"classes":[]},{"id":406,"url":"http:\/\/www.albertocreativografico.com\/blog\/2011\/10\/20\/angel-torres\/","url_meta":{"origin":826,"position":3},"title":"\u00c1ngel Torres","date":"20 octubre, 2011","format":false,"excerpt":"Presentaci\u00f3n\/Portfolio personal del \u00a0fot\u00f3grafo de bodas \u00c1ngel Torres. P\u00e1gina hecha netamente con tecnolog\u00eda flash, para lograr mayor impacto visual, y dotada de capacidad para ser actualizada por el cliente con programaci\u00f3n XML. La p\u00e1gina permite actualizar unas frases que aparecen en el cabecezo, las imagen en rotaci\u00f3n de la portada,\u2026","rel":"","context":"En \u00abWebsites\u00bb","img":{"alt_text":"Angel Torres fot\u00f3grafo","src":"https:\/\/i0.wp.com\/www.albertocreativografico.com\/blog\/wp-content\/uploads\/2011\/10\/angeltorres.jpg?fit=1024%2C700&resize=350%2C200","width":350,"height":200},"classes":[]},{"id":861,"url":"http:\/\/www.albertocreativografico.com\/blog\/2012\/02\/08\/casa-rural-asuncion\/","url_meta":{"origin":826,"position":4},"title":"Casa Rural Asunci\u00f3n","date":"8 febrero, 2012","format":false,"excerpt":"\u00a0 Pagina est\u00e1tica, dise\u00f1ada con Dreamweaver, para alojamiento rural en Cantabria, \u00a0situada en el municipio de Sancibri\u00e1n. El cabecero due dibujado a partir de las im\u00e1genes facilitadas, para un mejor reconocimiento del lugar. El sitio es muy sencillo, pues solo se\u00a0pretend\u00eda\u00a0estar presente en internet, una fuente de acceso a la\u2026","rel":"","context":"En \u00abWebsites\u00bb","img":{"alt_text":"","src":"https:\/\/i0.wp.com\/www.albertocreativografico.com\/blog\/wp-content\/uploads\/2012\/02\/casarural.jpg?fit=1024%2C700&resize=350%2C200","width":350,"height":200},"classes":[]},{"id":628,"url":"http:\/\/www.albertocreativografico.com\/blog\/2011\/11\/10\/la-tinada-del-cadagua\/","url_meta":{"origin":826,"position":5},"title":"La Tinada del Cadagua","date":"10 noviembre, 2011","format":false,"excerpt":"Papeler\u00eda realizada para la empresa de adiestramiento y hospedaje equino, La Tinada del Cadagua. Con el logotipo redibujado a partir de un elemento promocional, por no disponer del archivo del mismo, se elaboraron los elementos esenciales de comunicaci\u00f3n de la empresa, es decir, tarjetas, sobres y hojas membretatas,\u00a0as\u00ed\u00a0como un necesario\u2026","rel":"","context":"En \u00abImagen corporativa\u00bb","img":{"alt_text":"La tinada del Cadagua","src":"https:\/\/i0.wp.com\/www.albertocreativografico.com\/blog\/wp-content\/uploads\/2011\/11\/latinada.jpg?fit=1024%2C556&resize=350%2C200","width":350,"height":200},"classes":[]}],"jetpack_likes_enabled":true,"_links":{"self":[{"href":"http:\/\/www.albertocreativografico.com\/blog\/wp-json\/wp\/v2\/posts\/826"}],"collection":[{"href":"http:\/\/www.albertocreativografico.com\/blog\/wp-json\/wp\/v2\/posts"}],"about":[{"href":"http:\/\/www.albertocreativografico.com\/blog\/wp-json\/wp\/v2\/types\/post"}],"author":[{"embeddable":true,"href":"http:\/\/www.albertocreativografico.com\/blog\/wp-json\/wp\/v2\/users\/5"}],"replies":[{"embeddable":true,"href":"http:\/\/www.albertocreativografico.com\/blog\/wp-json\/wp\/v2\/comments?post=826"}],"version-history":[{"count":13,"href":"http:\/\/www.albertocreativografico.com\/blog\/wp-json\/wp\/v2\/posts\/826\/revisions"}],"predecessor-version":[{"id":842,"href":"http:\/\/www.albertocreativografico.com\/blog\/wp-json\/wp\/v2\/posts\/826\/revisions\/842"}],"wp:featuredmedia":[{"embeddable":true,"href":"http:\/\/www.albertocreativografico.com\/blog\/wp-json\/wp\/v2\/media\/827"}],"wp:attachment":[{"href":"http:\/\/www.albertocreativografico.com\/blog\/wp-json\/wp\/v2\/media?parent=826"}],"wp:term":[{"taxonomy":"category","embeddable":true,"href":"http:\/\/www.albertocreativografico.com\/blog\/wp-json\/wp\/v2\/categories?post=826"},{"taxonomy":"post_tag","embeddable":true,"href":"http:\/\/www.albertocreativografico.com\/blog\/wp-json\/wp\/v2\/tags?post=826"}],"curies":[{"name":"wp","href":"https:\/\/api.w.org\/{rel}","templated":true}]}}