{"id":861,"date":"2012-02-08T13:53:15","date_gmt":"2012-02-08T12:53:15","guid":{"rendered":"http:\/\/www.albertocreativografico.com\/blog\/?p=861"},"modified":"2012-02-08T13:53:52","modified_gmt":"2012-02-08T12:53:52","slug":"casa-rural-asuncion","status":"publish","type":"post","link":"http:\/\/www.albertocreativografico.com\/blog\/2012\/02\/08\/casa-rural-asuncion\/","title":{"rendered":"Casa Rural Asunci\u00f3n"},"content":{"rendered":"<p style=\"text-align: center;\"><a href=\"https:\/\/i0.wp.com\/www.albertocreativografico.com\/blog\/wp-content\/uploads\/2012\/02\/casarural.jpg\"><img decoding=\"async\" loading=\"lazy\" class=\"aligncenter size-full wp-image-866\" title=\"Casa rural Asunci\u00f3n\" src=\"https:\/\/i0.wp.com\/www.albertocreativografico.com\/blog\/wp-content\/uploads\/2012\/02\/casarural.jpg?resize=614%2C420\" alt=\"\" width=\"614\" height=\"420\" srcset=\"https:\/\/i0.wp.com\/www.albertocreativografico.com\/blog\/wp-content\/uploads\/2012\/02\/casarural.jpg?w=1024 1024w, https:\/\/i0.wp.com\/www.albertocreativografico.com\/blog\/wp-content\/uploads\/2012\/02\/casarural.jpg?resize=300%2C205 300w\" sizes=\"(max-width: 614px) 100vw, 614px\" data-recalc-dims=\"1\" \/><\/a><\/p>\n<p>&nbsp;<\/p>\n<p>Pagina est\u00e1tica, dise\u00f1ada con Dreamweaver, para alojamiento rural en Cantabria, \u00a0situada en el municipio de Sancibri\u00e1n.<\/p>\n<p>El cabecero due dibujado a partir de las im\u00e1genes facilitadas, para un mejor reconocimiento del lugar.<\/p>\n<p>El sitio es muy sencillo, pues solo se\u00a0pretend\u00eda\u00a0estar presente en internet, una fuente de acceso a la informaci\u00f3n clave para este sito de alojamientos. facilitando la consulta y disponibilidad de habitaciones a trav\u00e9s de formulario.<\/p>\n<p>Una vez realizada la consulta, el cliente puede facilitar la reserva a trav\u00e9s de tarjeta de cr\u00e9dito, pues se instal\u00f3 una &lt;i&gt;pasarela de pago&lt;\/i&gt;, para gestionar en cobro y reserva de la plaza con mayor comodidad.<\/p>\n<p>El sitio web, aparte de la portada, con los datos de contacto y localizaci\u00f3n, dispone de otra secci\u00f3n para mostrar las im\u00e1genes de cada uno de los alojamientos, e indicaciones de los servicios disponible.<\/p>\n<p><a title=\"Casa Rural Asunci\u00f3n\" href=\"http:\/\/www.casaruralasuncion.com\/\" target=\"_blank\">http:\/\/www.casaruralasuncion.com<\/a><\/p>\n<div id='gallery-1' class='gallery galleryid-861 gallery-columns-4 gallery-size-thumbnail'><dl class='gallery-item'>\n\t\t\t<dt class='gallery-icon portrait'>\n\t\t\t\t<a href='http:\/\/www.albertocreativografico.com\/blog\/2012\/02\/08\/casa-rural-asuncion\/casa1p\/'><img width=\"150\" height=\"150\" src=\"https:\/\/i0.wp.com\/www.albertocreativografico.com\/blog\/wp-content\/uploads\/2012\/02\/casa1p.jpg?resize=150%2C150\" class=\"attachment-thumbnail size-thumbnail\" alt=\"\" decoding=\"async\" loading=\"lazy\" srcset=\"https:\/\/i0.wp.com\/www.albertocreativografico.com\/blog\/wp-content\/uploads\/2012\/02\/casa1p.jpg?resize=150%2C150 150w, https:\/\/i0.wp.com\/www.albertocreativografico.com\/blog\/wp-content\/uploads\/2012\/02\/casa1p.jpg?zoom=2&amp;resize=150%2C150 300w\" sizes=\"(max-width: 150px) 100vw, 150px\" \/><\/a>\n\t\t\t<\/dt><\/dl><dl class='gallery-item'>\n\t\t\t<dt class='gallery-icon portrait'>\n\t\t\t\t<a href='http:\/\/www.albertocreativografico.com\/blog\/2012\/02\/08\/casa-rural-asuncion\/casa2p\/'><img width=\"150\" height=\"150\" src=\"https:\/\/i0.wp.com\/www.albertocreativografico.com\/blog\/wp-content\/uploads\/2012\/02\/casa2p.jpg?resize=150%2C150\" class=\"attachment-thumbnail size-thumbnail\" alt=\"\" decoding=\"async\" loading=\"lazy\" srcset=\"https:\/\/i0.wp.com\/www.albertocreativografico.com\/blog\/wp-content\/uploads\/2012\/02\/casa2p.jpg?resize=150%2C150 150w, https:\/\/i0.wp.com\/www.albertocreativografico.com\/blog\/wp-content\/uploads\/2012\/02\/casa2p.jpg?zoom=2&amp;resize=150%2C150 300w\" sizes=\"(max-width: 150px) 100vw, 150px\" \/><\/a>\n\t\t\t<\/dt><\/dl><dl class='gallery-item'>\n\t\t\t<dt class='gallery-icon portrait'>\n\t\t\t\t<a href='http:\/\/www.albertocreativografico.com\/blog\/2012\/02\/08\/casa-rural-asuncion\/casa3p\/'><img width=\"150\" height=\"150\" src=\"https:\/\/i0.wp.com\/www.albertocreativografico.com\/blog\/wp-content\/uploads\/2012\/02\/casa3p.jpg?resize=150%2C150\" class=\"attachment-thumbnail size-thumbnail\" alt=\"\" decoding=\"async\" loading=\"lazy\" srcset=\"https:\/\/i0.wp.com\/www.albertocreativografico.com\/blog\/wp-content\/uploads\/2012\/02\/casa3p.jpg?resize=150%2C150 150w, https:\/\/i0.wp.com\/www.albertocreativografico.com\/blog\/wp-content\/uploads\/2012\/02\/casa3p.jpg?zoom=2&amp;resize=150%2C150 300w\" sizes=\"(max-width: 150px) 100vw, 150px\" \/><\/a>\n\t\t\t<\/dt><\/dl>\n\t\t\t<br style='clear: both' \/>\n\t\t<\/div>\n\n<p style=\"text-align: center;\">\n","protected":false},"excerpt":{"rendered":"<p>&nbsp; Pagina est\u00e1tica, dise\u00f1ada con Dreamweaver, para alojamiento rural en Cantabria, \u00a0situada en el municipio de&hellip;<\/p>\n","protected":false},"author":5,"featured_media":866,"comment_status":"open","ping_status":"open","sticky":false,"template":"","format":"standard","meta":{"jetpack_post_was_ever_published":false},"categories":[40],"tags":[138,140,141,142,139,132,130],"jetpack_featured_media_url":"https:\/\/i0.wp.com\/www.albertocreativografico.com\/blog\/wp-content\/uploads\/2012\/02\/casarural.jpg?fit=1024%2C700","jetpack_shortlink":"https:\/\/wp.me\/p2ZBZa-dT","jetpack_sharing_enabled":true,"jetpack-related-posts":[{"id":826,"url":"http:\/\/www.albertocreativografico.com\/blog\/2012\/01\/11\/eurotrem-espana\/","url_meta":{"origin":861,"position":0},"title":"Eurotrem Espa\u00f1a","date":"11 enero, 2012","format":false,"excerpt":"Este trabajo no es\u00a0enteramente\u00a0personal, ya que el cliente dispon\u00eda de una plantilla en flash, sobre la que quer\u00eda realizar unas modificaciones sobre la misma de acuerdo a sus necesidades. El primer problema que se presentaba, es que a pesar de que el cliente hab\u00eda pagado un precio que dar\u00eda derecho\u2026","rel":"","context":"En \u00abWebsites\u00bb","img":{"alt_text":"Presentaci\u00f3n","src":"https:\/\/i0.wp.com\/www.albertocreativografico.com\/blog\/wp-content\/uploads\/2012\/01\/eurotrem1.jpg?fit=1024%2C599&resize=350%2C200","width":350,"height":200},"classes":[]},{"id":1587,"url":"http:\/\/www.albertocreativografico.com\/blog\/2018\/09\/13\/escuela-infantil-pequena-alameda\/","url_meta":{"origin":861,"position":1},"title":"Escuela Infantil Peque\u00f1a Alameda","date":"13 septiembre, 2018","format":false,"excerpt":"http:\/\/www.escuelainfantilpeqalameda.com\/ Web para una escuela infantil, asociada a la Pedagog\u00eda Blanca, una forma de educar, ense\u00f1ar y acompa\u00f1ar a los ni\u00f1os en su crecimiento y su aprendizaje, que tiene como base y objetivo ofrecerles las herramientas que necesitan para desarrollar todas sus potencialidades desde el respeto a sus procesos madurativos,\u2026","rel":"","context":"En \u00abWebsites\u00bb","img":{"alt_text":"","src":"https:\/\/i0.wp.com\/www.albertocreativografico.com\/blog\/wp-content\/uploads\/2018\/09\/destacada.jpg?fit=400%2C249&resize=350%2C200","width":350,"height":200},"classes":[]},{"id":1606,"url":"http:\/\/www.albertocreativografico.com\/blog\/2019\/09\/05\/remodelacion-de-la-web-de-german-ruiz-gaitero\/","url_meta":{"origin":861,"position":2},"title":"Remodelaci\u00f3n de la web de Germ\u00e1n Ruiz gaitero","date":"5 septiembre, 2019","format":false,"excerpt":"Cambio de formato del sitio web Germ\u00e1n Ruiz Gaitero, para facilitar la gesti\u00f3n de los grupos y agrupaciones musicales disponibles. El cliente puede mostrar de manera clara y visual cada grupo en una entrada distinta a modo de dossier, eliminando, a\u00f1adiendo, modificando caunto sea necesario. Adem\u00e1s se ha facilitado el\u2026","rel":"","context":"En \u00abWebsites\u00bb","img":{"alt_text":"","src":"https:\/\/i0.wp.com\/www.albertocreativografico.com\/blog\/wp-content\/uploads\/2019\/09\/german-p.png?fit=1200%2C909&resize=350%2C200","width":350,"height":200},"classes":[]},{"id":927,"url":"http:\/\/www.albertocreativografico.com\/blog\/2012\/05\/18\/optica-alfonso-viii\/","url_meta":{"origin":861,"position":3},"title":"Optica Alfonso VIII","date":"18 mayo, 2012","format":false,"excerpt":"Logotipo para peque\u00f1o comercio de \u00d3ptica. El icono, ojo femenino, trata de impactar visualmente sobre la clasificaci\u00f3n del negocio, a la vez que le da un toque amable personal y femenino, en el trato. La tipograf\u00eda de \u201cOPTICA\u201d, integrada con el ojo a trav\u00e9s de la \u201cO\u201d, es robusta para\u2026","rel":"","context":"En \u00abImagen corporativa\u00bb","img":{"alt_text":"","src":"https:\/\/i0.wp.com\/www.albertocreativografico.com\/blog\/wp-content\/uploads\/2012\/05\/Logotipo-color.jpg?fit=850%2C422&resize=350%2C200","width":350,"height":200},"classes":[]},{"id":638,"url":"http:\/\/www.albertocreativografico.com\/blog\/2011\/11\/14\/sello-artesania\/","url_meta":{"origin":861,"position":4},"title":"Sello de artesan\u00eda","date":"14 noviembre, 2011","format":false,"excerpt":"Sello de\u00a0identificaci\u00f3n\u00a0para los productos de artesan\u00eda exhibidos en ferias. Solicitado por FOACAL, Federaci\u00f3n de Organizaciones de Artesan\u00eda de Castilla y Le\u00f3n, el dise\u00f1o consisti\u00f3 en una etiqueta (adaptable al formato horizontal y vertical), con la que poder identificar los productos, con garant\u00eda de calidad ofrecida por la federaci\u00f3n. Las\u00a0etiquetas\u00a0se\u00a0ofrec\u00edan\u00a0con una\u2026","rel":"","context":"En \u00abDise\u00f1o\u00bb","img":{"alt_text":"","src":"https:\/\/i0.wp.com\/www.albertocreativografico.com\/blog\/wp-content\/uploads\/2011\/11\/artesania.jpg?fit=900%2C400&resize=350%2C200","width":350,"height":200},"classes":[]},{"id":468,"url":"http:\/\/www.albertocreativografico.com\/blog\/2011\/10\/25\/libre-como-el-viento\/","url_meta":{"origin":861,"position":5},"title":"Libre como el viento","date":"25 octubre, 2011","format":false,"excerpt":"\u00a0 P\u00e1gina parag\u00fcas hecha en flash. Este tipo de p\u00e1ginas se usan como sitio nido de otros websites relacionados. En este caso, son los bares de copas Bqu, Coma, Cameo y Tatay. Este sitio en flash deb\u00eda ser un sitio din\u00e1mico, con movimiento, para ser m\u00e1s atractivo al visitante, con\u2026","rel":"","context":"En \u00abWebsites\u00bb","img":{"alt_text":"Libre como el viento","src":"https:\/\/i0.wp.com\/www.albertocreativografico.com\/blog\/wp-content\/uploads\/2011\/10\/librecomoelviento.jpg?fit=900%2C400&resize=350%2C200","width":350,"height":200},"classes":[]}],"jetpack_likes_enabled":true,"_links":{"self":[{"href":"http:\/\/www.albertocreativografico.com\/blog\/wp-json\/wp\/v2\/posts\/861"}],"collection":[{"href":"http:\/\/www.albertocreativografico.com\/blog\/wp-json\/wp\/v2\/posts"}],"about":[{"href":"http:\/\/www.albertocreativografico.com\/blog\/wp-json\/wp\/v2\/types\/post"}],"author":[{"embeddable":true,"href":"http:\/\/www.albertocreativografico.com\/blog\/wp-json\/wp\/v2\/users\/5"}],"replies":[{"embeddable":true,"href":"http:\/\/www.albertocreativografico.com\/blog\/wp-json\/wp\/v2\/comments?post=861"}],"version-history":[{"count":14,"href":"http:\/\/www.albertocreativografico.com\/blog\/wp-json\/wp\/v2\/posts\/861\/revisions"}],"predecessor-version":[{"id":881,"href":"http:\/\/www.albertocreativografico.com\/blog\/wp-json\/wp\/v2\/posts\/861\/revisions\/881"}],"wp:featuredmedia":[{"embeddable":true,"href":"http:\/\/www.albertocreativografico.com\/blog\/wp-json\/wp\/v2\/media\/866"}],"wp:attachment":[{"href":"http:\/\/www.albertocreativografico.com\/blog\/wp-json\/wp\/v2\/media?parent=861"}],"wp:term":[{"taxonomy":"category","embeddable":true,"href":"http:\/\/www.albertocreativografico.com\/blog\/wp-json\/wp\/v2\/categories?post=861"},{"taxonomy":"post_tag","embeddable":true,"href":"http:\/\/www.albertocreativografico.com\/blog\/wp-json\/wp\/v2\/tags?post=861"}],"curies":[{"name":"wp","href":"https:\/\/api.w.org\/{rel}","templated":true}]}}