{"id":919,"date":"2012-04-27T17:49:57","date_gmt":"2012-04-27T16:49:57","guid":{"rendered":"http:\/\/www.albertocreativografico.com\/blog\/?p=919"},"modified":"2012-04-27T17:49:57","modified_gmt":"2012-04-27T16:49:57","slug":"a-rapa-das-bestas","status":"publish","type":"post","link":"http:\/\/www.albertocreativografico.com\/blog\/2012\/04\/27\/a-rapa-das-bestas\/","title":{"rendered":"A Rapa das Bestas"},"content":{"rendered":"<p>Con el siguiente v\u00eddeo he participado junto a Marta Guijarro, en la <strong><a href=\"http:\/\/maratonaudiovisualvalladolid.wordpress.com\/\">2\u00aa Edici\u00f3n de la Marat\u00f3n Audiovisual Ciudad de Valladolid<\/a><\/strong>, un evento organizado en Valladolid en torno a los fot\u00f3grafos aficionados y asociaciones.<\/p>\n<p>Las fotos se tomaron en &#8220;la rapa de las bestias&#8221; que se celebr\u00f3 en el Curro de Candaoso, en el concello de Viverio (Lugo). Esta es\u00a0una\u00a0tradici\u00f3n\u00a0popular gallega, que est\u00e1 reconocida de inter\u00e9s turistico nacional, y celebra en no m\u00e1s de 14 poblaciones, siendo una de las que m\u00e1s se conoce la de sabucedo.<\/p>\n<p>El acto central evidentemente es la rapa de las bestias, que consiste en bajar a los caballos que viven libres y salvajes por los montes cercanos, y se les encierra en unos cercados, llamados &#8220;curros&#8221;. All\u00ed se procede a identificar los mas bravos, subastarlos, cortarles las crines y marcar los espec\u00edmenes m\u00e1s interesantes.<\/p>\n<p>En torno a esta tradici\u00f3n se celebra una especie de\u00a0romer\u00eda\u00a0que dura 2 o 3 d\u00edas en alg\u00fan monte perdido del concello donde se celebre. Increiblemente all\u00ed, que es donde pr\u00e1cticamente el viento da la vuelta, se organiza una gran fiesta, con enormes carpas para comer pulpadas y empanada en bancos corridos, un gran escenario para celebrar verbenas d\u00eda y noche, misa sobre el mismo escenario, juegos populares, etc.<\/p>\n<p>All\u00ed instalan de todo para poder disfrutar de la tradici\u00f3n, comer bien, bailar, y tumbarse a la bartola por aquellas praderas.<\/p>\n<p>Este audiovisual que est\u00e1 centrado en los animales, en la doma, el marcado de los mismos, y en la lucha hombre caballo, ya que lo que m\u00e1s impacta, es el\u00a0car\u00e1cter bravo\u00a0de las personas, que han de conseguir saltar a las grupas de estos caballos salvajes, para cortarle las crines, y entre varios intentar tumbarlos para marcarlos.<\/p>\n<p>Pude disfrutar de este espect\u00e1culo por primera vez el pasado a\u00f1o, despu\u00e9s de a\u00f1os interesado y no me defraudo, estoy seguro de que volver\u00e9 y de que con la experiencia adquirida, podr\u00e9 realizar un trabajo y m\u00e1s completo.<\/p>\n<p>Os invito a todos a que\u00a0asist\u00e1is\u00a0alguna vez si ten\u00e9is oportunidad ya que es digno de ver.<\/p>\n<p>&nbsp;<\/p>\n<p>Por \u00faltimo quisiera agradecer a la organizaci\u00f3n de la marat\u00f3n por permitirnos ense\u00f1ar este trabajo, y por organizar estos d\u00edas para el disfrute de todos.<\/p>\n<p>&nbsp;<\/p>\n<iframe width=\"640\" height=\"480\" src=\"http:\/\/www.youtube.com\/embed\/kpB9jQhaMM4\" frameborder=\"0\" type=\"text\/html\"><\/iframe>\n<p>&nbsp;<\/p>\n","protected":false},"excerpt":{"rendered":"<p>Con el siguiente v\u00eddeo he participado junto a Marta Guijarro, en la 2\u00aa Edici\u00f3n de la&hellip;<\/p>\n","protected":false},"author":5,"featured_media":923,"comment_status":"open","ping_status":"open","sticky":false,"template":"","format":"standard","meta":{"jetpack_post_was_ever_published":false},"categories":[1],"tags":[108,157,156,155,153,158,154],"jetpack_featured_media_url":"https:\/\/i0.wp.com\/www.albertocreativografico.com\/blog\/wp-content\/uploads\/2012\/04\/219.jpg?fit=800%2C531","jetpack_shortlink":"https:\/\/wp.me\/p2ZBZa-eP","jetpack_sharing_enabled":true,"jetpack-related-posts":[{"id":1533,"url":"http:\/\/www.albertocreativografico.com\/blog\/2018\/07\/17\/semana-santa-de-valladolid-2018\/","url_meta":{"origin":919,"position":0},"title":"Semana Santa de Valladolid 2018","date":"17 julio, 2018","format":"image","excerpt":"La Semana Santa de Valladolid es el principal acontecimiento cultural, religioso y de atracci\u00f3n tur\u00edstica de la ciudad. Sus tallas se encuentran entre las de mayor valor art\u00edstico del mundo en escultura policromada, gracias sobre todo a imagineros como Juan de Juni y Gregorio Fern\u00e1ndez, activos en el periodo en\u2026","rel":"","context":"En \u00abFotograf\u00eda\u00bb","img":{"alt_text":"","src":"https:\/\/i0.wp.com\/www.albertocreativografico.com\/blog\/wp-content\/uploads\/2018\/07\/36643911_10156152603281253_4195550300725051392_o.jpg?fit=1200%2C797&resize=350%2C200","width":350,"height":200},"classes":[]},{"id":478,"url":"http:\/\/www.albertocreativografico.com\/blog\/2011\/10\/25\/ultima-semana\/","url_meta":{"origin":919,"position":1},"title":"\u00daltima semana","date":"25 octubre, 2011","format":false,"excerpt":"\u00a0 \u00daltimos d\u00edas de la exposici\u00f3n Valladolid, m\u00e1s ancho que largo, que en estos momentos se exhibe en la Fundaci\u00f3n Museo Cristobal Gabarr\u00f3n. Est\u00e1 previsto el desmontaje el viernes o el s\u00e1bado, dado que el viernes 28, si no se prorroga, es el \u00faltimo d\u00eda de exposici\u00f3n. Por otro lado,\u2026","rel":"","context":"En \u00abPersonal\u00bb","img":{"alt_text":"FMCG 1","src":"https:\/\/i0.wp.com\/www.albertocreativografico.com\/blog\/wp-content\/uploads\/2011\/10\/DSC8841.jpg?fit=900%2C598&resize=350%2C200","width":350,"height":200},"classes":[]},{"id":328,"url":"http:\/\/www.albertocreativografico.com\/blog\/2011\/10\/18\/exposicion-en-la-fmcg\/","url_meta":{"origin":919,"position":2},"title":"Exposici\u00f3n en la FMCG","date":"18 octubre, 2011","format":false,"excerpt":"Ahora la exposici\u00f3n \"Valladolid, m\u00e1s ancho que largo\" se exhibe en la Fundaci\u00f3n Museo Cristobal Gabarr\u00f3n. Hasta el pr\u00f3ximo d\u00eda 28 de octubre, en la sedesita en la calle Rastrojo s\/n, en el barrio de la Huerta del Rey. Horario:\u00a0Horario: L-V de 10 a 14 y de 16 a 20\u2026","rel":"","context":"En \u00abPersonal\u00bb","img":{"alt_text":"Valladolid, mas ancho que largo","src":"https:\/\/i0.wp.com\/www.albertocreativografico.com\/blog\/wp-content\/uploads\/2011\/10\/anchoquelargo.jpg?fit=926%2C700&resize=350%2C200","width":350,"height":200},"classes":[]},{"id":549,"url":"http:\/\/www.albertocreativografico.com\/blog\/2011\/11\/08\/fin-de-la-exposicion\/","url_meta":{"origin":919,"position":3},"title":"Fin de la exposici\u00f3n","date":"8 noviembre, 2011","format":false,"excerpt":"Pues si, la exposici\u00f3n \"Valladolid, m\u00e1s ancho que largo\" ha terminado una de sus etapas, en la importante Fundaci\u00f3n Museo Cristobal Gabarr\u00f3n (FMCG), con gran exito de asistencia. Un acontecimiento, importante en mi trayectoria, ya que este tipo de lugares, son muy restrictivos y de\u00a0dif\u00edcil\u00a0acceso, que gracias a Chema Concell\u00f3n,\u2026","rel":"","context":"En \u00abPersonal\u00bb","img":{"alt_text":"","src":"","width":0,"height":0},"classes":[]},{"id":514,"url":"http:\/\/www.albertocreativografico.com\/blog\/2011\/10\/27\/cines-abaco\/","url_meta":{"origin":919,"position":4},"title":"Cines Abaco","date":"27 octubre, 2011","format":false,"excerpt":"Carteleras de los Cines \u00c1baco de Madrid y Valladolid. Dise\u00f1o y actualizaci\u00f3n semanal de los folletos (tama\u00f1o A5) de los cines, de que este dispon\u00eda en las ciudades mencionadas. Semanalmente se recib\u00eda informaci\u00f3n completa de las pel\u00edculas programadas para esos d\u00edas, junto con horarios, y la edad m\u00ednima recomendada. Por\u2026","rel":"","context":"En \u00abDise\u00f1o\u00bb","img":{"alt_text":"Cines Abaco","src":"https:\/\/i0.wp.com\/www.albertocreativografico.com\/blog\/wp-content\/uploads\/2011\/10\/cines.jpg?fit=870%2C400&resize=350%2C200","width":350,"height":200},"classes":[]},{"id":628,"url":"http:\/\/www.albertocreativografico.com\/blog\/2011\/11\/10\/la-tinada-del-cadagua\/","url_meta":{"origin":919,"position":5},"title":"La Tinada del Cadagua","date":"10 noviembre, 2011","format":false,"excerpt":"Papeler\u00eda realizada para la empresa de adiestramiento y hospedaje equino, La Tinada del Cadagua. Con el logotipo redibujado a partir de un elemento promocional, por no disponer del archivo del mismo, se elaboraron los elementos esenciales de comunicaci\u00f3n de la empresa, es decir, tarjetas, sobres y hojas membretatas,\u00a0as\u00ed\u00a0como un necesario\u2026","rel":"","context":"En \u00abImagen corporativa\u00bb","img":{"alt_text":"La tinada del Cadagua","src":"https:\/\/i0.wp.com\/www.albertocreativografico.com\/blog\/wp-content\/uploads\/2011\/11\/latinada.jpg?fit=1024%2C556&resize=350%2C200","width":350,"height":200},"classes":[]}],"jetpack_likes_enabled":true,"_links":{"self":[{"href":"http:\/\/www.albertocreativografico.com\/blog\/wp-json\/wp\/v2\/posts\/919"}],"collection":[{"href":"http:\/\/www.albertocreativografico.com\/blog\/wp-json\/wp\/v2\/posts"}],"about":[{"href":"http:\/\/www.albertocreativografico.com\/blog\/wp-json\/wp\/v2\/types\/post"}],"author":[{"embeddable":true,"href":"http:\/\/www.albertocreativografico.com\/blog\/wp-json\/wp\/v2\/users\/5"}],"replies":[{"embeddable":true,"href":"http:\/\/www.albertocreativografico.com\/blog\/wp-json\/wp\/v2\/comments?post=919"}],"version-history":[{"count":5,"href":"http:\/\/www.albertocreativografico.com\/blog\/wp-json\/wp\/v2\/posts\/919\/revisions"}],"predecessor-version":[{"id":925,"href":"http:\/\/www.albertocreativografico.com\/blog\/wp-json\/wp\/v2\/posts\/919\/revisions\/925"}],"wp:featuredmedia":[{"embeddable":true,"href":"http:\/\/www.albertocreativografico.com\/blog\/wp-json\/wp\/v2\/media\/923"}],"wp:attachment":[{"href":"http:\/\/www.albertocreativografico.com\/blog\/wp-json\/wp\/v2\/media?parent=919"}],"wp:term":[{"taxonomy":"category","embeddable":true,"href":"http:\/\/www.albertocreativografico.com\/blog\/wp-json\/wp\/v2\/categories?post=919"},{"taxonomy":"post_tag","embeddable":true,"href":"http:\/\/www.albertocreativografico.com\/blog\/wp-json\/wp\/v2\/tags?post=919"}],"curies":[{"name":"wp","href":"https:\/\/api.w.org\/{rel}","templated":true}]}}