{"id":927,"date":"2012-05-18T15:36:15","date_gmt":"2012-05-18T14:36:15","guid":{"rendered":"http:\/\/www.albertocreativografico.com\/blog\/?p=927"},"modified":"2012-05-18T15:38:26","modified_gmt":"2012-05-18T14:38:26","slug":"optica-alfonso-viii","status":"publish","type":"post","link":"http:\/\/www.albertocreativografico.com\/blog\/2012\/05\/18\/optica-alfonso-viii\/","title":{"rendered":"Optica Alfonso VIII"},"content":{"rendered":"<p style=\"text-align: justify;\"><a href=\"https:\/\/i0.wp.com\/www.albertocreativografico.com\/blog\/wp-content\/uploads\/2012\/05\/Logotipo-color.jpg\"><img decoding=\"async\" loading=\"lazy\" class=\"aligncenter size-full wp-image-946\" title=\"Logotipo OPTICA Alfonso VIII\" src=\"https:\/\/i0.wp.com\/www.albertocreativografico.com\/blog\/wp-content\/uploads\/2012\/05\/Logotipo-color.jpg?resize=551%2C274\" alt=\"\" width=\"551\" height=\"274\" srcset=\"https:\/\/i0.wp.com\/www.albertocreativografico.com\/blog\/wp-content\/uploads\/2012\/05\/Logotipo-color.jpg?w=850 850w, https:\/\/i0.wp.com\/www.albertocreativografico.com\/blog\/wp-content\/uploads\/2012\/05\/Logotipo-color.jpg?resize=300%2C148 300w\" sizes=\"(max-width: 551px) 100vw, 551px\" data-recalc-dims=\"1\" \/><\/a>Logotipo para peque\u00f1o comercio de \u00d3ptica.<\/p>\n<p style=\"text-align: justify;\">El icono, ojo femenino, trata de impactar visualmente sobre la clasificaci\u00f3n del negocio, a la vez que le da un toque amable personal y femenino, en el trato.<\/p>\n<p style=\"text-align: justify;\">La tipograf\u00eda de \u201cOPTICA\u201d, integrada con el ojo a trav\u00e9s de la \u201cO\u201d, es robusta para dar seriedar y garant\u00eda, a la cez que la cursiva da dinamismo y evoluci\u00f3n. La palabra \u201cOPTICA\u201d trata de destaca sobre el conjunto, como elemento de marketing exterior, pues se necesita remarcar este tipo de negocio.<\/p>\n<p style=\"text-align: justify;\">El t\u00e9rmino \u201cAlfonso VIII\u201d, utiliza una tipograf\u00eda caligr\u00e1fica, para destacar el elemento complementario y diferenciador de la optica., remarcando el car\u00e1cter personal del negocio.<\/p>\n<p style=\"text-align: justify;\">El color verde significa, por una parte la alegre esperanza en el futuro. La combinaci\u00f3n de colores negro y verde le da seriedad, elegancia y solemnidad y, al mismo tiempo, un toque de juvenil alegr\u00eda. A la par, que los ojos verdes, son de los m\u00e1s valorados, implicando belleza en el mismo.<\/p>\n","protected":false},"excerpt":{"rendered":"<p>Logotipo para peque\u00f1o comercio de \u00d3ptica. El icono, ojo femenino, trata de impactar visualmente sobre la&hellip;<\/p>\n","protected":false},"author":5,"featured_media":946,"comment_status":"open","ping_status":"open","sticky":false,"template":"","format":"standard","meta":{"jetpack_post_was_ever_published":false},"categories":[6],"tags":[165,18,17,164],"jetpack_featured_media_url":"https:\/\/i0.wp.com\/www.albertocreativografico.com\/blog\/wp-content\/uploads\/2012\/05\/Logotipo-color.jpg?fit=850%2C422","jetpack_shortlink":"https:\/\/wp.me\/p2ZBZa-eX","jetpack_sharing_enabled":true,"jetpack-related-posts":[{"id":474,"url":"http:\/\/www.albertocreativografico.com\/blog\/2011\/10\/25\/ecolid\/","url_meta":{"origin":927,"position":0},"title":"Ecolid","date":"25 octubre, 2011","format":false,"excerpt":"Logotipo de la empresa medioambiental Ecolid. Empresa enfocada a aulas de medioambiente para ni\u00f1os, y a la vez a servicios de asesoria para empresas dentro del \"Plan21\". La imagen deb\u00eda trasladar respeto a la naturaleza, colores suaves y calidos, a la vez que el nombre transmit\u00eda fuerza y seriedad en\u2026","rel":"","context":"En \u00abImagen corporativa\u00bb","img":{"alt_text":"Ecolid","src":"https:\/\/i0.wp.com\/www.albertocreativografico.com\/blog\/wp-content\/uploads\/2011\/10\/ecolid.jpg?fit=900%2C362&resize=350%2C200","width":350,"height":200},"classes":[]},{"id":628,"url":"http:\/\/www.albertocreativografico.com\/blog\/2011\/11\/10\/la-tinada-del-cadagua\/","url_meta":{"origin":927,"position":1},"title":"La Tinada del Cadagua","date":"10 noviembre, 2011","format":false,"excerpt":"Papeler\u00eda realizada para la empresa de adiestramiento y hospedaje equino, La Tinada del Cadagua. Con el logotipo redibujado a partir de un elemento promocional, por no disponer del archivo del mismo, se elaboraron los elementos esenciales de comunicaci\u00f3n de la empresa, es decir, tarjetas, sobres y hojas membretatas,\u00a0as\u00ed\u00a0como un necesario\u2026","rel":"","context":"En \u00abImagen corporativa\u00bb","img":{"alt_text":"La tinada del Cadagua","src":"https:\/\/i0.wp.com\/www.albertocreativografico.com\/blog\/wp-content\/uploads\/2011\/11\/latinada.jpg?fit=1024%2C556&resize=350%2C200","width":350,"height":200},"classes":[]},{"id":335,"url":"http:\/\/www.albertocreativografico.com\/blog\/2011\/10\/18\/mi-hogar-su-cuarto\/","url_meta":{"origin":927,"position":2},"title":"Mi Hogar \/ Su Cuarto","date":"18 octubre, 2011","format":false,"excerpt":"Logotipos para tienda de muebles Ambos logotipos son para la misma empresa, diferenciando el local en dos \u00e1reas distintas, con distintos accesos, una de mobiliario en general, dormitorios y salones, y otra de dormitorio infantil. El logotipo, primero y principal deb\u00eda trasladar formalidad y elegancia, reforzado en una letra elegante,\u2026","rel":"","context":"En \u00abImagen corporativa\u00bb","img":{"alt_text":"Mi hogar \/ Su Cuarto","src":"https:\/\/i0.wp.com\/www.albertocreativografico.com\/blog\/wp-content\/uploads\/2011\/10\/mihogar.jpg?fit=1200%2C533&resize=350%2C200","width":350,"height":200},"classes":[]},{"id":722,"url":"http:\/\/www.albertocreativografico.com\/blog\/2011\/12\/05\/2-lunas-fotografas\/","url_meta":{"origin":927,"position":3},"title":"2 Lunas Fot\u00f3grafas","date":"5 diciembre, 2011","format":false,"excerpt":"Logotipo para empresa de fotograf\u00eda de Zaragoza, formada por dos mujeres, con un estilo muy personal. Se requer\u00eda por tanto, que la imagen ofreciera la imagen que ella pretend\u00eda. Pura\u00a0elegancia, dotada de un toque de formalidad, en un envoltorio que reflejara el clasicismo de una \u00e9poca anterior, concr\u00e9tamente, a la\u2026","rel":"","context":"En \u00abImagen corporativa\u00bb","img":{"alt_text":"2 Lunas Fot\u00f3grafas","src":"https:\/\/i0.wp.com\/www.albertocreativografico.com\/blog\/wp-content\/uploads\/2011\/12\/2lunas1.jpg?fit=900%2C256&resize=350%2C200","width":350,"height":200},"classes":[]},{"id":413,"url":"http:\/\/www.albertocreativografico.com\/blog\/2011\/10\/24\/ocio-sport\/","url_meta":{"origin":927,"position":4},"title":"Ocio-Sport","date":"24 octubre, 2011","format":false,"excerpt":"Imagen gr\u00e1fica para empresa de actividades deportivas y de ocio. Imagen completa, basada en el grafismo de su logotipo. La papeler\u00eda inclu\u00eda, aparte de hojas membretadas, sobres y tarjetas, el desarrollo de carpeta con solapas para entregar documentaci\u00f3n de forma publicitaria, carpetas m\u00e1s sencilas para uso particular. Adem\u00e1s \u00a0se realizaron\u2026","rel":"","context":"En \u00abImagen corporativa\u00bb","img":{"alt_text":"Ocio-Sport","src":"https:\/\/i0.wp.com\/www.albertocreativografico.com\/blog\/wp-content\/uploads\/2011\/10\/ociosport.jpg?fit=1000%2C445&resize=350%2C200","width":350,"height":200},"classes":[]},{"id":527,"url":"http:\/\/www.albertocreativografico.com\/blog\/2011\/10\/27\/presentacion-de-ugt-castilla-y-leon\/","url_meta":{"origin":927,"position":5},"title":"Presentaci\u00f3n de UGT Castilla y Le\u00f3n","date":"27 octubre, 2011","format":false,"excerpt":"Presentaci\u00f3n corporativa de la federaci\u00f3n castellano leonesa de la Uni\u00f3n General de Trabajadores (UGT). La aplicaci\u00f3n manual comenzaba con un\u00a0v\u00eddeo\u00a0generado con tecnolog\u00eda flash, a modo de introducci\u00f3n, en el que unos lasers dibujaban el logotipo principal, para que con una serie de animaciones conjug\u00e1ndolo con los iconos de Castilla y\u2026","rel":"","context":"En \u00abOtros\u00bb","img":{"alt_text":"UGT","src":"https:\/\/i0.wp.com\/www.albertocreativografico.com\/blog\/wp-content\/uploads\/2011\/10\/ugt.jpg?fit=900%2C400&resize=350%2C200","width":350,"height":200},"classes":[]}],"jetpack_likes_enabled":true,"_links":{"self":[{"href":"http:\/\/www.albertocreativografico.com\/blog\/wp-json\/wp\/v2\/posts\/927"}],"collection":[{"href":"http:\/\/www.albertocreativografico.com\/blog\/wp-json\/wp\/v2\/posts"}],"about":[{"href":"http:\/\/www.albertocreativografico.com\/blog\/wp-json\/wp\/v2\/types\/post"}],"author":[{"embeddable":true,"href":"http:\/\/www.albertocreativografico.com\/blog\/wp-json\/wp\/v2\/users\/5"}],"replies":[{"embeddable":true,"href":"http:\/\/www.albertocreativografico.com\/blog\/wp-json\/wp\/v2\/comments?post=927"}],"version-history":[{"count":8,"href":"http:\/\/www.albertocreativografico.com\/blog\/wp-json\/wp\/v2\/posts\/927\/revisions"}],"predecessor-version":[{"id":952,"href":"http:\/\/www.albertocreativografico.com\/blog\/wp-json\/wp\/v2\/posts\/927\/revisions\/952"}],"wp:featuredmedia":[{"embeddable":true,"href":"http:\/\/www.albertocreativografico.com\/blog\/wp-json\/wp\/v2\/media\/946"}],"wp:attachment":[{"href":"http:\/\/www.albertocreativografico.com\/blog\/wp-json\/wp\/v2\/media?parent=927"}],"wp:term":[{"taxonomy":"category","embeddable":true,"href":"http:\/\/www.albertocreativografico.com\/blog\/wp-json\/wp\/v2\/categories?post=927"},{"taxonomy":"post_tag","embeddable":true,"href":"http:\/\/www.albertocreativografico.com\/blog\/wp-json\/wp\/v2\/tags?post=927"}],"curies":[{"name":"wp","href":"https:\/\/api.w.org\/{rel}","templated":true}]}}