{"id":929,"date":"2012-05-08T20:40:36","date_gmt":"2012-05-08T19:40:36","guid":{"rendered":"http:\/\/www.albertocreativografico.com\/blog\/?p=929"},"modified":"2018-07-17T20:07:55","modified_gmt":"2018-07-17T19:07:55","slug":"12m15m","status":"publish","type":"post","link":"http:\/\/www.albertocreativografico.com\/blog\/2012\/05\/08\/12m15m\/","title":{"rendered":"12M15M"},"content":{"rendered":"<p>A un a\u00f1o del comienzo del movimiento del 15M, y como previa al aniversario con un nuevo empuje el 12M, se elabor\u00f3 este audiovisual presentado en la 2\u00aa edici\u00f3n de la Marat\u00f3n Audiovisual Ciudad de Valladolid.<\/p>\n<p>Mientras se proyectaba el audiovisual actuaron en directo Reas y DJ Miyagui, que pusieron voz a las im\u00e1genes tomadas por Sandra Trigos, Marta Guijarro, y de un servidor.<\/p>\n<p>Esta versi\u00f3n se edito con el audio grabado en directo el d\u00eda de la presentaci\u00f3n.<\/p>\n<div class=\"embed-vimeo\" style=\"text-align: center;\"><iframe loading=\"lazy\" src=\"https:\/\/player.vimeo.com\/video\/41314993\" width=\"1460\" height=\"821\" frameborder=\"0\" webkitallowfullscreen mozallowfullscreen allowfullscreen><\/iframe><\/div>\n<p>&nbsp;<\/p>\n","protected":false},"excerpt":{"rendered":"<p>A un a\u00f1o del comienzo del movimiento del 15M, y como previa al aniversario con un&hellip;<\/p>\n","protected":false},"author":5,"featured_media":940,"comment_status":"open","ping_status":"open","sticky":false,"template":"","format":"standard","meta":{"jetpack_post_was_ever_published":false},"categories":[5],"tags":[160,159,163,162,161,26],"jetpack_featured_media_url":"https:\/\/i0.wp.com\/www.albertocreativografico.com\/blog\/wp-content\/uploads\/2012\/05\/DRY-207.jpg?fit=400%2C266","jetpack_shortlink":"https:\/\/wp.me\/s2ZBZa-12m15m","jetpack_sharing_enabled":true,"jetpack-related-posts":[{"id":919,"url":"http:\/\/www.albertocreativografico.com\/blog\/2012\/04\/27\/a-rapa-das-bestas\/","url_meta":{"origin":929,"position":0},"title":"A Rapa das Bestas","date":"27 abril, 2012","format":false,"excerpt":"Con el siguiente v\u00eddeo he participado junto a Marta Guijarro, en la 2\u00aa Edici\u00f3n de la Marat\u00f3n Audiovisual Ciudad de Valladolid, un evento organizado en Valladolid en torno a los fot\u00f3grafos aficionados y asociaciones. Las fotos se tomaron en \"la rapa de las bestias\" que se celebr\u00f3 en el Curro\u2026","rel":"","context":"En \u00abPersonal\u00bb","img":{"alt_text":"","src":"https:\/\/i0.wp.com\/www.albertocreativografico.com\/blog\/wp-content\/uploads\/2012\/04\/219.jpg?fit=800%2C531&resize=350%2C200","width":350,"height":200},"classes":[]},{"id":995,"url":"http:\/\/www.albertocreativografico.com\/blog\/2013\/08\/30\/paris-en-blanco-y-negro\/","url_meta":{"origin":929,"position":1},"title":"Par\u00eds en blanco y negro","date":"30 agosto, 2013","format":false,"excerpt":"Presento este nuevo trabajo fotogr\u00e1fico, fruto de unos d\u00edas en Par\u00eds, acogido por unos buenos amigos. Pude disfrutar del encanto de esta ciudad, llena de maravillosos rincones y singularidades, recorriendo no solo los sitios que la definen, sino pateando cada rinconcito de cada barrio, y como no pod\u00eda ser menos\u2026","rel":"","context":"En \u00abFotograf\u00eda\u00bb","img":{"alt_text":"","src":"https:\/\/i0.wp.com\/www.albertocreativografico.com\/blog\/wp-content\/uploads\/2013\/08\/2013-07-15-00.02.47.jpg?fit=1155%2C768&resize=350%2C200","width":350,"height":200},"classes":[]},{"id":1533,"url":"http:\/\/www.albertocreativografico.com\/blog\/2018\/07\/17\/semana-santa-de-valladolid-2018\/","url_meta":{"origin":929,"position":2},"title":"Semana Santa de Valladolid 2018","date":"17 julio, 2018","format":"image","excerpt":"La Semana Santa de Valladolid es el principal acontecimiento cultural, religioso y de atracci\u00f3n tur\u00edstica de la ciudad. Sus tallas se encuentran entre las de mayor valor art\u00edstico del mundo en escultura policromada, gracias sobre todo a imagineros como Juan de Juni y Gregorio Fern\u00e1ndez, activos en el periodo en\u2026","rel":"","context":"En \u00abFotograf\u00eda\u00bb","img":{"alt_text":"","src":"https:\/\/i0.wp.com\/www.albertocreativografico.com\/blog\/wp-content\/uploads\/2018\/07\/36643911_10156152603281253_4195550300725051392_o.jpg?fit=1200%2C797&resize=350%2C200","width":350,"height":200},"classes":[]},{"id":328,"url":"http:\/\/www.albertocreativografico.com\/blog\/2011\/10\/18\/exposicion-en-la-fmcg\/","url_meta":{"origin":929,"position":3},"title":"Exposici\u00f3n en la FMCG","date":"18 octubre, 2011","format":false,"excerpt":"Ahora la exposici\u00f3n \"Valladolid, m\u00e1s ancho que largo\" se exhibe en la Fundaci\u00f3n Museo Cristobal Gabarr\u00f3n. Hasta el pr\u00f3ximo d\u00eda 28 de octubre, en la sedesita en la calle Rastrojo s\/n, en el barrio de la Huerta del Rey. Horario:\u00a0Horario: L-V de 10 a 14 y de 16 a 20\u2026","rel":"","context":"En \u00abPersonal\u00bb","img":{"alt_text":"Valladolid, mas ancho que largo","src":"https:\/\/i0.wp.com\/www.albertocreativografico.com\/blog\/wp-content\/uploads\/2011\/10\/anchoquelargo.jpg?fit=926%2C700&resize=350%2C200","width":350,"height":200},"classes":[]},{"id":447,"url":"http:\/\/www.albertocreativografico.com\/blog\/2011\/10\/24\/instituto-municipal-de-empleo\/","url_meta":{"origin":929,"position":4},"title":"Instituto Municipal de Empleo","date":"24 octubre, 2011","format":false,"excerpt":"Presentaci\u00f3n de la secci\u00f3n de empleo del Ayuntamiento de Valladolid. Aplicaci\u00f3n-presentaci\u00f3n en tecnolog\u00eda flash,sobre el Instituto Municipal de Empleo de Valladolid, donde se ofrece una informaci\u00f3n completa sobre este organismo, y todas fus funciones y posibilidades, con avance autom\u00e1tico y manual, y men\u00fa din\u00e1mico.","rel":"","context":"En \u00abOtros\u00bb","img":{"alt_text":"Instituto Municipal de Empleo","src":"https:\/\/i0.wp.com\/www.albertocreativografico.com\/blog\/wp-content\/uploads\/2011\/10\/ime.jpg?fit=1000%2C444&resize=350%2C200","width":350,"height":200},"classes":[]},{"id":549,"url":"http:\/\/www.albertocreativografico.com\/blog\/2011\/11\/08\/fin-de-la-exposicion\/","url_meta":{"origin":929,"position":5},"title":"Fin de la exposici\u00f3n","date":"8 noviembre, 2011","format":false,"excerpt":"Pues si, la exposici\u00f3n \"Valladolid, m\u00e1s ancho que largo\" ha terminado una de sus etapas, en la importante Fundaci\u00f3n Museo Cristobal Gabarr\u00f3n (FMCG), con gran exito de asistencia. Un acontecimiento, importante en mi trayectoria, ya que este tipo de lugares, son muy restrictivos y de\u00a0dif\u00edcil\u00a0acceso, que gracias a Chema Concell\u00f3n,\u2026","rel":"","context":"En \u00abPersonal\u00bb","img":{"alt_text":"","src":"","width":0,"height":0},"classes":[]}],"jetpack_likes_enabled":true,"_links":{"self":[{"href":"http:\/\/www.albertocreativografico.com\/blog\/wp-json\/wp\/v2\/posts\/929"}],"collection":[{"href":"http:\/\/www.albertocreativografico.com\/blog\/wp-json\/wp\/v2\/posts"}],"about":[{"href":"http:\/\/www.albertocreativografico.com\/blog\/wp-json\/wp\/v2\/types\/post"}],"author":[{"embeddable":true,"href":"http:\/\/www.albertocreativografico.com\/blog\/wp-json\/wp\/v2\/users\/5"}],"replies":[{"embeddable":true,"href":"http:\/\/www.albertocreativografico.com\/blog\/wp-json\/wp\/v2\/comments?post=929"}],"version-history":[{"count":17,"href":"http:\/\/www.albertocreativografico.com\/blog\/wp-json\/wp\/v2\/posts\/929\/revisions"}],"predecessor-version":[{"id":1549,"href":"http:\/\/www.albertocreativografico.com\/blog\/wp-json\/wp\/v2\/posts\/929\/revisions\/1549"}],"wp:featuredmedia":[{"embeddable":true,"href":"http:\/\/www.albertocreativografico.com\/blog\/wp-json\/wp\/v2\/media\/940"}],"wp:attachment":[{"href":"http:\/\/www.albertocreativografico.com\/blog\/wp-json\/wp\/v2\/media?parent=929"}],"wp:term":[{"taxonomy":"category","embeddable":true,"href":"http:\/\/www.albertocreativografico.com\/blog\/wp-json\/wp\/v2\/categories?post=929"},{"taxonomy":"post_tag","embeddable":true,"href":"http:\/\/www.albertocreativografico.com\/blog\/wp-json\/wp\/v2\/tags?post=929"}],"curies":[{"name":"wp","href":"https:\/\/api.w.org\/{rel}","templated":true}]}}