{"id":955,"date":"2012-06-06T12:32:01","date_gmt":"2012-06-06T11:32:01","guid":{"rendered":"http:\/\/www.albertocreativografico.com\/blog\/?p=955"},"modified":"2012-06-06T12:33:38","modified_gmt":"2012-06-06T11:33:38","slug":"joyeria","status":"publish","type":"post","link":"http:\/\/www.albertocreativografico.com\/blog\/2012\/06\/06\/joyeria\/","title":{"rendered":"Joyer\u00eda"},"content":{"rendered":"<p style=\"text-align: justify;\">Esta es mi primera incursi\u00f3n en el mundo de la joyer\u00eda.<\/p>\n<p style=\"text-align: justify;\">Dise\u00f1o de un colgante en plata con cord\u00f3n de cuero. La pieza simplemente representa la palabra IDEM, de tal modo que quede como un elemento rozante con la abstracci\u00f3n, en su posici\u00f3n vertical, aunque intuitivamente se perciba que es una palabra, evitando as\u00ed la necesidad de su colocaci\u00f3n horizontal en el colgante.<\/p>\n<p style=\"text-align: justify;\">La pieza a\u00fan no es definitiva, pues por la falta de tiempo, quedaron detalles sin pulir, como un enganche plano, pero todo llegar\u00e1.<\/p>\n<p><img decoding=\"async\" loading=\"lazy\" class=\"aligncenter\" title=\"Idem\" src=\"https:\/\/i0.wp.com\/www.albertocreativografico.com\/blog\/wp-content\/uploads\/2012\/06\/0091.jpg?resize=560%2C372\" alt=\"\" width=\"560\" height=\"372\" data-recalc-dims=\"1\" \/><\/p>\n<p>El trabajo en plata fue realizado por el taller Mundo Artesano, al que estoy muy agradecido, por dar forma a mi idea.<\/p>\n<div id='gallery-1' class='gallery galleryid-955 gallery-columns-4 gallery-size-thumbnail'><dl class='gallery-item'>\n\t\t\t<dt class='gallery-icon landscape'>\n\t\t\t\t<a href='http:\/\/www.albertocreativografico.com\/blog\/2012\/06\/06\/joyeria\/attachment\/004\/'><img width=\"150\" height=\"150\" src=\"https:\/\/i0.wp.com\/www.albertocreativografico.com\/blog\/wp-content\/uploads\/2012\/06\/004.jpg?resize=150%2C150\" class=\"attachment-thumbnail size-thumbnail\" alt=\"\" decoding=\"async\" loading=\"lazy\" srcset=\"https:\/\/i0.wp.com\/www.albertocreativografico.com\/blog\/wp-content\/uploads\/2012\/06\/004.jpg?resize=150%2C150 150w, https:\/\/i0.wp.com\/www.albertocreativografico.com\/blog\/wp-content\/uploads\/2012\/06\/004.jpg?zoom=2&amp;resize=150%2C150 300w, https:\/\/i0.wp.com\/www.albertocreativografico.com\/blog\/wp-content\/uploads\/2012\/06\/004.jpg?zoom=3&amp;resize=150%2C150 450w\" sizes=\"(max-width: 150px) 100vw, 150px\" \/><\/a>\n\t\t\t<\/dt><\/dl><dl class='gallery-item'>\n\t\t\t<dt class='gallery-icon landscape'>\n\t\t\t\t<a href='http:\/\/www.albertocreativografico.com\/blog\/2012\/06\/06\/joyeria\/attachment\/009\/'><img width=\"150\" height=\"150\" src=\"https:\/\/i0.wp.com\/www.albertocreativografico.com\/blog\/wp-content\/uploads\/2012\/06\/009.jpg?resize=150%2C150\" class=\"attachment-thumbnail size-thumbnail\" alt=\"\" decoding=\"async\" loading=\"lazy\" srcset=\"https:\/\/i0.wp.com\/www.albertocreativografico.com\/blog\/wp-content\/uploads\/2012\/06\/009.jpg?resize=150%2C150 150w, https:\/\/i0.wp.com\/www.albertocreativografico.com\/blog\/wp-content\/uploads\/2012\/06\/009.jpg?zoom=2&amp;resize=150%2C150 300w, https:\/\/i0.wp.com\/www.albertocreativografico.com\/blog\/wp-content\/uploads\/2012\/06\/009.jpg?zoom=3&amp;resize=150%2C150 450w\" sizes=\"(max-width: 150px) 100vw, 150px\" \/><\/a>\n\t\t\t<\/dt><\/dl><dl class='gallery-item'>\n\t\t\t<dt class='gallery-icon landscape'>\n\t\t\t\t<a href='http:\/\/www.albertocreativografico.com\/blog\/2012\/06\/06\/joyeria\/attachment\/011\/'><img width=\"150\" height=\"150\" src=\"https:\/\/i0.wp.com\/www.albertocreativografico.com\/blog\/wp-content\/uploads\/2012\/06\/011.jpg?resize=150%2C150\" class=\"attachment-thumbnail size-thumbnail\" alt=\"\" decoding=\"async\" loading=\"lazy\" srcset=\"https:\/\/i0.wp.com\/www.albertocreativografico.com\/blog\/wp-content\/uploads\/2012\/06\/011.jpg?resize=150%2C150 150w, https:\/\/i0.wp.com\/www.albertocreativografico.com\/blog\/wp-content\/uploads\/2012\/06\/011.jpg?zoom=2&amp;resize=150%2C150 300w, https:\/\/i0.wp.com\/www.albertocreativografico.com\/blog\/wp-content\/uploads\/2012\/06\/011.jpg?zoom=3&amp;resize=150%2C150 450w\" sizes=\"(max-width: 150px) 100vw, 150px\" \/><\/a>\n\t\t\t<\/dt><\/dl><dl class='gallery-item'>\n\t\t\t<dt class='gallery-icon portrait'>\n\t\t\t\t<a href='http:\/\/www.albertocreativografico.com\/blog\/2012\/06\/06\/joyeria\/attachment\/018\/'><img width=\"150\" height=\"150\" src=\"https:\/\/i0.wp.com\/www.albertocreativografico.com\/blog\/wp-content\/uploads\/2012\/06\/018.jpg?resize=150%2C150\" class=\"attachment-thumbnail size-thumbnail\" alt=\"\" decoding=\"async\" loading=\"lazy\" srcset=\"https:\/\/i0.wp.com\/www.albertocreativografico.com\/blog\/wp-content\/uploads\/2012\/06\/018.jpg?resize=150%2C150 150w, https:\/\/i0.wp.com\/www.albertocreativografico.com\/blog\/wp-content\/uploads\/2012\/06\/018.jpg?zoom=2&amp;resize=150%2C150 300w, https:\/\/i0.wp.com\/www.albertocreativografico.com\/blog\/wp-content\/uploads\/2012\/06\/018.jpg?zoom=3&amp;resize=150%2C150 450w\" sizes=\"(max-width: 150px) 100vw, 150px\" \/><\/a>\n\t\t\t<\/dt><\/dl><br style=\"clear: both\" \/>\n\t\t<\/div>\n\n<p><a href=\"http:\/\/www.albertocreativografico.com\/blog\/wp-content\/uploads\/2012\/06\/0091.jpg\"><br \/>\n<\/a><\/p>\n","protected":false},"excerpt":{"rendered":"<p>Esta es mi primera incursi\u00f3n en el mundo de la joyer\u00eda. Dise\u00f1o de un colgante en&hellip;<\/p>\n","protected":false},"author":5,"featured_media":960,"comment_status":"open","ping_status":"open","sticky":false,"template":"","format":"standard","meta":{"jetpack_post_was_ever_published":false},"categories":[36],"tags":[170,169,166,167,168],"jetpack_featured_media_url":"https:\/\/i0.wp.com\/www.albertocreativografico.com\/blog\/wp-content\/uploads\/2012\/06\/0091.jpg?fit=800%2C531","jetpack_shortlink":"https:\/\/wp.me\/s2ZBZa-joyeria","jetpack_sharing_enabled":true,"jetpack-related-posts":[{"id":643,"url":"http:\/\/www.albertocreativografico.com\/blog\/2011\/11\/14\/geoda\/","url_meta":{"origin":955,"position":0},"title":"Geoda","date":"14 noviembre, 2011","format":false,"excerpt":"Embalaje dise\u00f1ado para Geoda Minerales,\u00a0establecimiento especializado en f\u00f3siles, minerales, gemas y joyer\u00eda en minerales. Se solicit\u00f3 de una caja estandar que facilitara la presentaci\u00f3n y regalo de la mayor\u00eda de los art\u00edculos de la tienda. Dise\u00f1ado de modo que el troquel fuera de una pieza, y no necesitar\u00e1 adhesivos, ni\u2026","rel":"","context":"En \u00abTroquelados\u00bb","img":{"alt_text":"Geoda","src":"https:\/\/i0.wp.com\/www.albertocreativografico.com\/blog\/wp-content\/uploads\/2011\/11\/geoda.jpg?fit=870%2C400&resize=350%2C200","width":350,"height":200},"classes":[]},{"id":373,"url":"http:\/\/www.albertocreativografico.com\/blog\/2011\/10\/19\/embalaje-golosina\/","url_meta":{"origin":955,"position":1},"title":"Embalaje golosinas","date":"19 octubre, 2011","format":false,"excerpt":"Embalaje gen\u00e9rico, para tiendas de golosinas y kioskos. La complejidad de este trabajo era, el dise\u00f1o mismo del troquel del embalaje, pues exist\u00eda la instrucci\u00f3n, de que deb\u00eda ser de una pieza, y no deb\u00eda necesitar uso de pegamentos o grapas. Adem\u00e1s el tama\u00f1o se adapt\u00f3, para que fuera posible,\u2026","rel":"","context":"En \u00abTroquelados\u00bb","img":{"alt_text":"Caja infantil","src":"https:\/\/i0.wp.com\/www.albertocreativografico.com\/blog\/wp-content\/uploads\/2011\/10\/cajainfantil.jpg?fit=718%2C700&resize=350%2C200","width":350,"height":200},"classes":[]},{"id":628,"url":"http:\/\/www.albertocreativografico.com\/blog\/2011\/11\/10\/la-tinada-del-cadagua\/","url_meta":{"origin":955,"position":2},"title":"La Tinada del Cadagua","date":"10 noviembre, 2011","format":false,"excerpt":"Papeler\u00eda realizada para la empresa de adiestramiento y hospedaje equino, La Tinada del Cadagua. Con el logotipo redibujado a partir de un elemento promocional, por no disponer del archivo del mismo, se elaboraron los elementos esenciales de comunicaci\u00f3n de la empresa, es decir, tarjetas, sobres y hojas membretatas,\u00a0as\u00ed\u00a0como un necesario\u2026","rel":"","context":"En \u00abImagen corporativa\u00bb","img":{"alt_text":"La tinada del Cadagua","src":"https:\/\/i0.wp.com\/www.albertocreativografico.com\/blog\/wp-content\/uploads\/2011\/11\/latinada.jpg?fit=1024%2C556&resize=350%2C200","width":350,"height":200},"classes":[]},{"id":397,"url":"http:\/\/www.albertocreativografico.com\/blog\/2011\/10\/19\/belcari\/","url_meta":{"origin":955,"position":3},"title":"Belcari","date":"19 octubre, 2011","format":false,"excerpt":"Cat\u00e1logo de distribuci\u00f3n de art\u00edculos de peluquer\u00eda a mayoristas, peluquer\u00edas y centros de est\u00e9tica. Por la continua renovaci\u00f3n del listado de productos, y por el trato directo que iba a existir entre comerciales y clientes, se pens\u00f3 en este forato, carpesan de anillas, para la renovaci\u00f3n continua de apartados, p\u00e1ginas\u2026","rel":"","context":"En \u00abDise\u00f1o\u00bb","img":{"alt_text":"Belcari","src":"https:\/\/i0.wp.com\/www.albertocreativografico.com\/blog\/wp-content\/uploads\/2011\/10\/belcari.jpg?fit=900%2C400&resize=350%2C200","width":350,"height":200},"classes":[]},{"id":313,"url":"http:\/\/www.albertocreativografico.com\/blog\/2011\/10\/18\/otc-roy-lichtenstein-pictures\/","url_meta":{"origin":955,"position":4},"title":"Otc Roy Lichtenstein pictures","date":"18 octubre, 2011","format":false,"excerpt":"Con esta imagen, la primera que dibuje bas\u00e1ndome en el estilo de Roy Lichtenstein, abro mi blog, pues este es el estilo de trabajos con el que\u00a0mejor me siento realizado. Para este trabajo me bas\u00e9 en una fotograf\u00eda de una revista, pero luego llegar\u00edan, los trabajos realizados sobre las im\u00e1genes\u2026","rel":"","context":"En \u00abRoy picture\u00bb","img":{"alt_text":"Roy original","src":"https:\/\/i0.wp.com\/www.albertocreativografico.com\/blog\/wp-content\/uploads\/2011\/10\/royoriginal.jpg?fit=852%2C700&resize=350%2C200","width":350,"height":200},"classes":[]},{"id":335,"url":"http:\/\/www.albertocreativografico.com\/blog\/2011\/10\/18\/mi-hogar-su-cuarto\/","url_meta":{"origin":955,"position":5},"title":"Mi Hogar \/ Su Cuarto","date":"18 octubre, 2011","format":false,"excerpt":"Logotipos para tienda de muebles Ambos logotipos son para la misma empresa, diferenciando el local en dos \u00e1reas distintas, con distintos accesos, una de mobiliario en general, dormitorios y salones, y otra de dormitorio infantil. El logotipo, primero y principal deb\u00eda trasladar formalidad y elegancia, reforzado en una letra elegante,\u2026","rel":"","context":"En \u00abImagen corporativa\u00bb","img":{"alt_text":"Mi hogar \/ Su Cuarto","src":"https:\/\/i0.wp.com\/www.albertocreativografico.com\/blog\/wp-content\/uploads\/2011\/10\/mihogar.jpg?fit=1200%2C533&resize=350%2C200","width":350,"height":200},"classes":[]}],"jetpack_likes_enabled":true,"_links":{"self":[{"href":"http:\/\/www.albertocreativografico.com\/blog\/wp-json\/wp\/v2\/posts\/955"}],"collection":[{"href":"http:\/\/www.albertocreativografico.com\/blog\/wp-json\/wp\/v2\/posts"}],"about":[{"href":"http:\/\/www.albertocreativografico.com\/blog\/wp-json\/wp\/v2\/types\/post"}],"author":[{"embeddable":true,"href":"http:\/\/www.albertocreativografico.com\/blog\/wp-json\/wp\/v2\/users\/5"}],"replies":[{"embeddable":true,"href":"http:\/\/www.albertocreativografico.com\/blog\/wp-json\/wp\/v2\/comments?post=955"}],"version-history":[{"count":5,"href":"http:\/\/www.albertocreativografico.com\/blog\/wp-json\/wp\/v2\/posts\/955\/revisions"}],"predecessor-version":[{"id":964,"href":"http:\/\/www.albertocreativografico.com\/blog\/wp-json\/wp\/v2\/posts\/955\/revisions\/964"}],"wp:featuredmedia":[{"embeddable":true,"href":"http:\/\/www.albertocreativografico.com\/blog\/wp-json\/wp\/v2\/media\/960"}],"wp:attachment":[{"href":"http:\/\/www.albertocreativografico.com\/blog\/wp-json\/wp\/v2\/media?parent=955"}],"wp:term":[{"taxonomy":"category","embeddable":true,"href":"http:\/\/www.albertocreativografico.com\/blog\/wp-json\/wp\/v2\/categories?post=955"},{"taxonomy":"post_tag","embeddable":true,"href":"http:\/\/www.albertocreativografico.com\/blog\/wp-json\/wp\/v2\/tags?post=955"}],"curies":[{"name":"wp","href":"https:\/\/api.w.org\/{rel}","templated":true}]}}