{"id":967,"date":"2013-02-11T11:41:05","date_gmt":"2013-02-11T10:41:05","guid":{"rendered":"http:\/\/www.albertocreativografico.com\/blog\/?p=967"},"modified":"2018-07-19T17:48:08","modified_gmt":"2018-07-19T16:48:08","slug":"fundacion-grupo-siro","status":"publish","type":"post","link":"http:\/\/www.albertocreativografico.com\/blog\/2013\/02\/11\/fundacion-grupo-siro\/","title":{"rendered":"Fundaci\u00f3n GRUPO SIRO"},"content":{"rendered":"<p style=\"text-align: center;\"><img decoding=\"async\" loading=\"lazy\" class=\"aligncenter wp-image-973\" src=\"https:\/\/i0.wp.com\/www.albertocreativografico.com\/blog\/wp-content\/uploads\/2013\/02\/Portada-Codigo-de-Conducta-LQ.jpg?resize=595%2C383\" alt=\"Portada Codigo de Conducta LQ\" width=\"595\" height=\"383\" srcset=\"https:\/\/i0.wp.com\/www.albertocreativografico.com\/blog\/wp-content\/uploads\/2013\/02\/Portada-Codigo-de-Conducta-LQ.jpg?w=992 992w, https:\/\/i0.wp.com\/www.albertocreativografico.com\/blog\/wp-content\/uploads\/2013\/02\/Portada-Codigo-de-Conducta-LQ.jpg?resize=300%2C192 300w\" sizes=\"(max-width: 595px) 100vw, 595px\" data-recalc-dims=\"1\" \/><\/p>\n<p>C\u00f3digo de Conducta elaborado para la FUNDACI\u00d3N GRUPO SIRO.<\/p>\n<p>Peque\u00f1o librillo de 32 p\u00e1ginas, para reflejar la\u00a0filosof\u00eda empresarial y el marco general que\u00a0recoge los principios de comportamiento de las personas que forman parte de Grupo Siro, siendo la base\u00a0del compromiso compartido con los clientes, proveedores, financiadores y con la comunidad en la\u00a0que interact\u00faan.<\/p>\n<p>Dicho c\u00f3digo se\u00a0distribuy\u00f3\u00a0para entrar en vigor el 1 de enero de 2013, a traves de los 4000 ejemplares impresos que se entregaron a cada uno de los empleados de grupo, en Venta de Ba\u00f1os, Aguilar de Campoo, Toro, Medina del Campo, Briviesca, Madrid, Antequera, Navarr\u00e9s, Paterna, Montblanc, Ag\u00fcimes, Jaen, El Espinar, as\u00ed como en las oficinas que el grupo mantiene en\u00a0Londres, Estados Unidos, Portugal e Italia.<\/p>\n<p>Asimismo, el c\u00f3digo se enlaz\u00f3 on-line, a trav\u00e9s de la propia p\u00e1gina del Grupo SIRO, no solo en espa\u00f1ol, sino que adem\u00e1s se tradujo al\u00a0portugu\u00e9s\u00a0e ingles:\u00a0<a title=\"Fundaci\u00f3n GRUPO SIRO\" href=\"http:\/\/www.gruposiro.com\/grupo-siro-estrategia.php\" target=\"_blank\" rel=\"noopener\">Fundaci\u00f3n Grupo Siro<\/a><\/p>\n<p>&nbsp;<\/p>\n<p><img decoding=\"async\" loading=\"lazy\" class=\"aligncenter wp-image-1569 size-full\" src=\"https:\/\/i0.wp.com\/www.albertocreativografico.com\/blog\/wp-content\/uploads\/2013\/02\/Siro3.jpg?resize=900%2C434\" alt=\"\" width=\"900\" height=\"434\" srcset=\"https:\/\/i0.wp.com\/www.albertocreativografico.com\/blog\/wp-content\/uploads\/2013\/02\/Siro3.jpg?w=900 900w, https:\/\/i0.wp.com\/www.albertocreativografico.com\/blog\/wp-content\/uploads\/2013\/02\/Siro3.jpg?resize=300%2C145 300w, https:\/\/i0.wp.com\/www.albertocreativografico.com\/blog\/wp-content\/uploads\/2013\/02\/Siro3.jpg?resize=768%2C370 768w\" sizes=\"(max-width: 900px) 100vw, 900px\" data-recalc-dims=\"1\" \/><\/p>\n<p style=\"text-align: center;\"><strong><a href=\"http:\/\/www.gruposiro.com\/pdfs\/codigo-conducta-grupo-siro-es.pdf\" target=\"_blank\" rel=\"noopener\">C\u00d3DIGO DE CONDUCTA (PDF)<\/a><\/strong><\/p>\n","protected":false},"excerpt":{"rendered":"<p>C\u00f3digo de Conducta elaborado para la FUNDACI\u00d3N GRUPO SIRO. Peque\u00f1o librillo de 32 p\u00e1ginas, para reflejar&hellip;<\/p>\n","protected":false},"author":5,"featured_media":973,"comment_status":"open","ping_status":"open","sticky":false,"template":"","format":"gallery","meta":{"jetpack_post_was_ever_published":false},"categories":[36],"tags":[177,173,174,23,172,175,171,176],"jetpack_featured_media_url":"https:\/\/i0.wp.com\/www.albertocreativografico.com\/blog\/wp-content\/uploads\/2013\/02\/Portada-Codigo-de-Conducta-LQ.jpg?fit=992%2C638","jetpack_shortlink":"https:\/\/wp.me\/p2ZBZa-fB","jetpack_sharing_enabled":true,"jetpack-related-posts":[{"id":491,"url":"http:\/\/www.albertocreativografico.com\/blog\/2011\/10\/26\/maquillaje-profesional-para-novias\/","url_meta":{"origin":967,"position":0},"title":"Maquillaje profesional para novias","date":"26 octubre, 2011","format":false,"excerpt":"Serie de libros para curso de formaci\u00f3n, titulado \"Maquillaje Profesional Para Novias\". La colecci\u00f3n constaba de tres libros te\u00f3ricos, de\u00a0aproximadamente\u00a090 p\u00e1ginas cada uno, m\u00e1s un libro con ejercicios tipo test, para evaluar los conocimientos sobre los contenidos en los anteriores. El curso se elabor\u00f3 para un centro de formaci\u00f3n y\u2026","rel":"","context":"En \u00abDise\u00f1o\u00bb","img":{"alt_text":"Serie de libros","src":"https:\/\/i0.wp.com\/www.albertocreativografico.com\/blog\/wp-content\/uploads\/2011\/10\/libros.jpg?fit=900%2C590&resize=350%2C200","width":350,"height":200},"classes":[]},{"id":632,"url":"http:\/\/www.albertocreativografico.com\/blog\/2011\/11\/10\/cosmetologia_as\/","url_meta":{"origin":967,"position":1},"title":"Cosmetolog\u00eda AS","date":"10 noviembre, 2011","format":false,"excerpt":"Embalaje dise\u00f1ado para su uso en establecimientos distribuidores. El cliente deseaba una caja en la que poder transportar 25 frascos de uno de sus productos espec\u00edficos. El dise\u00f1o se complementa con otro troquel que hace las funciones de tapa, encajonada por los 4 lados, y que una vez en el\u2026","rel":"","context":"En \u00abTroquelados\u00bb","img":{"alt_text":"Cosmetolog\u00eda AS","src":"https:\/\/i0.wp.com\/www.albertocreativografico.com\/blog\/wp-content\/uploads\/2011\/11\/cosmetologia1.jpg?fit=1024%2C500&resize=350%2C200","width":350,"height":200},"classes":[]},{"id":1606,"url":"http:\/\/www.albertocreativografico.com\/blog\/2019\/09\/05\/remodelacion-de-la-web-de-german-ruiz-gaitero\/","url_meta":{"origin":967,"position":2},"title":"Remodelaci\u00f3n de la web de Germ\u00e1n Ruiz gaitero","date":"5 septiembre, 2019","format":false,"excerpt":"Cambio de formato del sitio web Germ\u00e1n Ruiz Gaitero, para facilitar la gesti\u00f3n de los grupos y agrupaciones musicales disponibles. El cliente puede mostrar de manera clara y visual cada grupo en una entrada distinta a modo de dossier, eliminando, a\u00f1adiendo, modificando caunto sea necesario. Adem\u00e1s se ha facilitado el\u2026","rel":"","context":"En \u00abWebsites\u00bb","img":{"alt_text":"","src":"https:\/\/i0.wp.com\/www.albertocreativografico.com\/blog\/wp-content\/uploads\/2019\/09\/german-p.png?fit=1200%2C909&resize=350%2C200","width":350,"height":200},"classes":[]},{"id":638,"url":"http:\/\/www.albertocreativografico.com\/blog\/2011\/11\/14\/sello-artesania\/","url_meta":{"origin":967,"position":3},"title":"Sello de artesan\u00eda","date":"14 noviembre, 2011","format":false,"excerpt":"Sello de\u00a0identificaci\u00f3n\u00a0para los productos de artesan\u00eda exhibidos en ferias. Solicitado por FOACAL, Federaci\u00f3n de Organizaciones de Artesan\u00eda de Castilla y Le\u00f3n, el dise\u00f1o consisti\u00f3 en una etiqueta (adaptable al formato horizontal y vertical), con la que poder identificar los productos, con garant\u00eda de calidad ofrecida por la federaci\u00f3n. Las\u00a0etiquetas\u00a0se\u00a0ofrec\u00edan\u00a0con una\u2026","rel":"","context":"En \u00abDise\u00f1o\u00bb","img":{"alt_text":"","src":"https:\/\/i0.wp.com\/www.albertocreativografico.com\/blog\/wp-content\/uploads\/2011\/11\/artesania.jpg?fit=900%2C400&resize=350%2C200","width":350,"height":200},"classes":[]},{"id":478,"url":"http:\/\/www.albertocreativografico.com\/blog\/2011\/10\/25\/ultima-semana\/","url_meta":{"origin":967,"position":4},"title":"\u00daltima semana","date":"25 octubre, 2011","format":false,"excerpt":"\u00a0 \u00daltimos d\u00edas de la exposici\u00f3n Valladolid, m\u00e1s ancho que largo, que en estos momentos se exhibe en la Fundaci\u00f3n Museo Cristobal Gabarr\u00f3n. Est\u00e1 previsto el desmontaje el viernes o el s\u00e1bado, dado que el viernes 28, si no se prorroga, es el \u00faltimo d\u00eda de exposici\u00f3n. Por otro lado,\u2026","rel":"","context":"En \u00abPersonal\u00bb","img":{"alt_text":"FMCG 1","src":"https:\/\/i0.wp.com\/www.albertocreativografico.com\/blog\/wp-content\/uploads\/2011\/10\/DSC8841.jpg?fit=900%2C598&resize=350%2C200","width":350,"height":200},"classes":[]},{"id":628,"url":"http:\/\/www.albertocreativografico.com\/blog\/2011\/11\/10\/la-tinada-del-cadagua\/","url_meta":{"origin":967,"position":5},"title":"La Tinada del Cadagua","date":"10 noviembre, 2011","format":false,"excerpt":"Papeler\u00eda realizada para la empresa de adiestramiento y hospedaje equino, La Tinada del Cadagua. Con el logotipo redibujado a partir de un elemento promocional, por no disponer del archivo del mismo, se elaboraron los elementos esenciales de comunicaci\u00f3n de la empresa, es decir, tarjetas, sobres y hojas membretatas,\u00a0as\u00ed\u00a0como un necesario\u2026","rel":"","context":"En \u00abImagen corporativa\u00bb","img":{"alt_text":"La tinada del Cadagua","src":"https:\/\/i0.wp.com\/www.albertocreativografico.com\/blog\/wp-content\/uploads\/2011\/11\/latinada.jpg?fit=1024%2C556&resize=350%2C200","width":350,"height":200},"classes":[]}],"jetpack_likes_enabled":true,"_links":{"self":[{"href":"http:\/\/www.albertocreativografico.com\/blog\/wp-json\/wp\/v2\/posts\/967"}],"collection":[{"href":"http:\/\/www.albertocreativografico.com\/blog\/wp-json\/wp\/v2\/posts"}],"about":[{"href":"http:\/\/www.albertocreativografico.com\/blog\/wp-json\/wp\/v2\/types\/post"}],"author":[{"embeddable":true,"href":"http:\/\/www.albertocreativografico.com\/blog\/wp-json\/wp\/v2\/users\/5"}],"replies":[{"embeddable":true,"href":"http:\/\/www.albertocreativografico.com\/blog\/wp-json\/wp\/v2\/comments?post=967"}],"version-history":[{"count":23,"href":"http:\/\/www.albertocreativografico.com\/blog\/wp-json\/wp\/v2\/posts\/967\/revisions"}],"predecessor-version":[{"id":1571,"href":"http:\/\/www.albertocreativografico.com\/blog\/wp-json\/wp\/v2\/posts\/967\/revisions\/1571"}],"wp:featuredmedia":[{"embeddable":true,"href":"http:\/\/www.albertocreativografico.com\/blog\/wp-json\/wp\/v2\/media\/973"}],"wp:attachment":[{"href":"http:\/\/www.albertocreativografico.com\/blog\/wp-json\/wp\/v2\/media?parent=967"}],"wp:term":[{"taxonomy":"category","embeddable":true,"href":"http:\/\/www.albertocreativografico.com\/blog\/wp-json\/wp\/v2\/categories?post=967"},{"taxonomy":"post_tag","embeddable":true,"href":"http:\/\/www.albertocreativografico.com\/blog\/wp-json\/wp\/v2\/tags?post=967"}],"curies":[{"name":"wp","href":"https:\/\/api.w.org\/{rel}","templated":true}]}}